{"id":2636,"date":"2022-03-19T13:18:21","date_gmt":"2022-03-19T12:18:21","guid":{"rendered":"http:\/\/lesdocsdenoirmoutier.fr\/?p=2636"},"modified":"2022-08-11T19:05:09","modified_gmt":"2022-08-11T17:05:09","slug":"la-thematique-de-la-deuxieme-edition-se-devoile","status":"publish","type":"post","link":"https:\/\/lesdocsdenoirmoutier.fr\/?p=2636","title":{"rendered":"LA TH\u00c9MATIQUE DE LA DEUXI\u00c8ME \u00c9DITION D\u00c9VOIL\u00c9E !"},"content":{"rendered":"\t\t<div data-elementor-type=\"wp-post\" data-elementor-id=\"2636\" class=\"elementor elementor-2636\" data-elementor-post-type=\"post\">\n\t\t\t\t\t\t<section class=\"elementor-section elementor-top-section elementor-element elementor-element-4eb49490 elementor-section-boxed elementor-section-height-default elementor-section-height-default\" data-id=\"4eb49490\" data-element_type=\"section\">\n\t\t\t\t\t\t<div class=\"elementor-container elementor-column-gap-default\">\n\t\t\t\t\t<div class=\"elementor-column elementor-col-100 elementor-top-column elementor-element elementor-element-2a8981f6\" data-id=\"2a8981f6\" data-element_type=\"column\">\n\t\t\t<div class=\"elementor-widget-wrap elementor-element-populated\">\n\t\t\t\t\t\t<div class=\"elementor-element elementor-element-69562bd1 elementor-widget elementor-widget-spacer\" data-id=\"69562bd1\" data-element_type=\"widget\" data-widget_type=\"spacer.default\">\n\t\t\t\t<div class=\"elementor-widget-container\">\n\t\t\t\t\t\t\t<div class=\"elementor-spacer\">\n\t\t\t<div class=\"elementor-spacer-inner\"><\/div>\n\t\t<\/div>\n\t\t\t\t\t\t<\/div>\n\t\t\t\t<\/div>\n\t\t\t\t<div class=\"elementor-element elementor-element-601e2d0d elementor-widget elementor-widget-heading\" data-id=\"601e2d0d\" data-element_type=\"widget\" data-widget_type=\"heading.default\">\n\t\t\t\t<div class=\"elementor-widget-container\">\n\t\t\t\t\t<h2 class=\"elementor-heading-title elementor-size-default\">NEWS<\/h2>\t\t\t\t<\/div>\n\t\t\t\t<\/div>\n\t\t\t\t<div class=\"elementor-element elementor-element-5c8b9670 elementor-widget elementor-widget-spacer\" data-id=\"5c8b9670\" data-element_type=\"widget\" data-widget_type=\"spacer.default\">\n\t\t\t\t<div class=\"elementor-widget-container\">\n\t\t\t\t\t\t\t<div class=\"elementor-spacer\">\n\t\t\t<div class=\"elementor-spacer-inner\"><\/div>\n\t\t<\/div>\n\t\t\t\t\t\t<\/div>\n\t\t\t\t<\/div>\n\t\t\t\t<div class=\"elementor-element elementor-element-2cab214d elementor-widget elementor-widget-heading\" data-id=\"2cab214d\" data-element_type=\"widget\" data-widget_type=\"heading.default\">\n\t\t\t\t<div class=\"elementor-widget-container\">\n\t\t\t\t\t<h2 class=\"elementor-heading-title elementor-size-default\">La th\u00e9matique de la 2\u00e8me \u00e9dition d\u00e9voil\u00e9e !<\/h2>\t\t\t\t<\/div>\n\t\t\t\t<\/div>\n\t\t\t\t<div class=\"elementor-element elementor-element-e9a3791 elementor-widget elementor-widget-spacer\" data-id=\"e9a3791\" data-element_type=\"widget\" data-widget_type=\"spacer.default\">\n\t\t\t\t<div class=\"elementor-widget-container\">\n\t\t\t\t\t\t\t<div class=\"elementor-spacer\">\n\t\t\t<div class=\"elementor-spacer-inner\"><\/div>\n\t\t<\/div>\n\t\t\t\t\t\t<\/div>\n\t\t\t\t<\/div>\n\t\t\t\t<section class=\"elementor-section elementor-inner-section elementor-element elementor-element-ca21dfb elementor-section-boxed elementor-section-height-default elementor-section-height-default\" data-id=\"ca21dfb\" data-element_type=\"section\">\n\t\t\t\t\t\t<div class=\"elementor-container elementor-column-gap-default\">\n\t\t\t\t\t<div class=\"elementor-column elementor-col-50 elementor-inner-column elementor-element elementor-element-395ce6c\" data-id=\"395ce6c\" data-element_type=\"column\">\n\t\t\t<div class=\"elementor-widget-wrap elementor-element-populated\">\n\t\t\t\t\t\t<div class=\"elementor-element elementor-element-72933f5 elementor-widget elementor-widget-image\" data-id=\"72933f5\" data-element_type=\"widget\" data-widget_type=\"image.default\">\n\t\t\t\t<div class=\"elementor-widget-container\">\n\t\t\t\t\t\t\t\t\t\t\t\t<figure class=\"wp-caption\">\n\t\t\t\t\t\t\t\t\t\t<img decoding=\"async\" src=\"https:\/\/lesdocsdenoirmoutier.fr\/wp-content\/uploads\/2022\/03\/00027-1.jpg\" title=\"&#8212;_00027\" alt=\"---_00027\" loading=\"lazy\" \/>\t\t\t\t\t\t\t\t\t\t\t<figcaption class=\"widget-image-caption wp-caption-text\">\u00a9 Maximilien Zamanski<\/figcaption>\n\t\t\t\t\t\t\t\t\t\t<\/figure>\n\t\t\t\t\t\t\t\t\t<\/div>\n\t\t\t\t<\/div>\n\t\t\t\t\t<\/div>\n\t\t<\/div>\n\t\t\t\t<div class=\"elementor-column elementor-col-50 elementor-inner-column elementor-element elementor-element-e200e02\" data-id=\"e200e02\" data-element_type=\"column\">\n\t\t\t<div class=\"elementor-widget-wrap elementor-element-populated\">\n\t\t\t\t\t\t<div class=\"elementor-element elementor-element-cc8f753 elementor-widget elementor-widget-text-editor\" data-id=\"cc8f753\" data-element_type=\"widget\" data-widget_type=\"text-editor.default\">\n\t\t\t\t<div class=\"elementor-widget-container\">\n\t\t\t\t\t\t\t\t\t<p style=\"text-align: left;\"><span style=\"color: #000000;\">Chaque ann\u00e9e les Docs de Noirmoutier propose une th\u00e9matique autour de laquelle sont programm\u00e9es des \u0153uvres documentaires, des d\u00e9bats et des tables rondes. Pour cette deuxi\u00e8me \u00e9dition, l\u2019\u00e9quipe du festival a choisi le th\u00e8me :<\/span><\/p><p style=\"text-align: center;\"><strong><span style=\"color: #000000;\">FAIRE M\u00c9MOIRE<br \/><\/span><\/strong><strong><span style=\"color: #000000;\">la fabrique des r\u00e9cits collectifs<\/span><\/strong><\/p><p style=\"text-align: left;\"><span style=\"color: #000000;\">Les \u0153uvres propos\u00e9es se distinguent par la volont\u00e9 de construire de la m\u00e9moire via un geste \u00e0 la fois artistique et politique, \u00e0 travers des regards singuliers.\u00a0<\/span><\/p><p><span style=\"color: #000000;\">Il ne s\u2019agit pas l\u00e0 de tenter une approche exhaustive ou universitaire mais d\u2019interroger ensemble, la mani\u00e8re de fabriquer l\u2019Histoire par le biais du documentaire \u00e0 l\u2019aide du cin\u00e9ma, du son, de la photographie.<\/span><\/p><p><span style=\"color: #000000;\">Comme l&rsquo;ann\u00e9e derni\u00e8re, le festival sera parrain\u00e9 par une ou un artiste dont le travail est fortement li\u00e9 \u00e0 la th\u00e9matique abord\u00e9e. Une programmation originale, dite \u201ccarte blanche\u201d, lui sera confi\u00e9e afin qu\u2019elle ou qu\u2019il propose un regard transversal sur la th\u00e9matique.\u00a0<\/span><\/p><p><span style=\"color: #000000;\">Cette rencontre se tiendra sur l\u2019\u00eele de Noirmoutier entre Noirmoutier-en-l\u2019\u00cele et La Gu\u00e9rini\u00e8re du 7 au 11 septembre 2022. Le programme et les intervenants vous seront d\u00e9voil\u00e9s dans les prochains mois !\u00a0<\/span><\/p><p><span style=\"color: #000000;\">Patience\u2026<\/span><\/p>\t\t\t\t\t\t\t\t<\/div>\n\t\t\t\t<\/div>\n\t\t\t\t\t<\/div>\n\t\t<\/div>\n\t\t\t\t\t<\/div>\n\t\t<\/section>\n\t\t\t\t<div class=\"elementor-element elementor-element-38fcdf1 elementor-widget elementor-widget-text-editor\" data-id=\"38fcdf1\" data-element_type=\"widget\" data-widget_type=\"text-editor.default\">\n\t\t\t\t<div class=\"elementor-widget-container\">\n\t\t\t\t\t\t\t\t\t<p><span style=\"color: #000000;\"><b>NOTE DE LA PROGRAMMATRICE, LUCIE BONVIN<\/b><\/span><\/p><p><span style=\"color: #000000;\"><span style=\"font-weight: 400;\"><em>\u201cLa perte de la m\u00e9moire ne se mesure pas en mots. Dans chaque \u00e9crit, chaque photogramme carbonis\u00e9, il y a une \u00e2me outrag\u00e9e, une vision incin\u00e9r\u00e9e.\u201d<\/em> <br \/><\/span><\/span><span style=\"color: #000000;\"><b>Adirley Queir\u00f3s<\/b><span style=\"font-weight: 400;\">, <\/span><b>Affonso Uch\u00f4a<\/b><span style=\"font-weight: 400;\">, <\/span><b>Cristina Amaral<\/b><span style=\"font-weight: 400;\">, <\/span><b>Eryk Rocha<\/b><span style=\"font-weight: 400;\">, <\/span><b>Ewerton Belico<\/b><span style=\"font-weight: 400;\">, <\/span><b>Luiz Pretti<\/b><span style=\"font-weight: 400;\"> et <\/span><b>Thiago B. Mendon\u00e7a<\/b><span style=\"font-weight: 400;\">, cin\u00e9astes br\u00e9siliens<\/span><\/span><\/p><p><span style=\"color: #000000;\"><span style=\"font-weight: 400;\">Alors que nous pr\u00e9parions la premi\u00e8re \u00e9dition du festival des Docs de Noirmoutier, ces mots \u00e9taient \u00e9crits par un collectif de cin\u00e9astes br\u00e9siliens, r\u00e9volt\u00e9s et impuissants face \u00e0 l\u2019incendie qui a ravag\u00e9 la cin\u00e9math\u00e8que de S\u00e3o Paulo, br\u00fblant plus de 2000 \u0153uvres, rares pour la plupart.<\/span><\/span><\/p><p><span style=\"color: #000000;\"><span style=\"font-weight: 400;\">Comme le n\u00e9gatif d\u2019une pellicule, de l\u2019autre c\u00f4t\u00e9 du monde, en Alg\u00e9rie, pas de destruction de cin\u00e9math\u00e8que mais un vide. Alors que des artistes documentent, conservent, questionnent l\u2019actuel Hirak qui secoue le pays ; les images qui concernent la d\u00e9cennie noire qui a \u00e9branl\u00e9 l\u2019Alg\u00e9rie dans les ann\u00e9es 90, comme un trou de m\u00e9moire, restent invisibles, manquantes.<\/span><\/span><\/p>\t\t\t\t\t\t\t\t<\/div>\n\t\t\t\t<\/div>\n\t\t\t\t<div class=\"elementor-element elementor-element-7a77b29 elementor-widget elementor-widget-spacer\" data-id=\"7a77b29\" data-element_type=\"widget\" data-widget_type=\"spacer.default\">\n\t\t\t\t<div class=\"elementor-widget-container\">\n\t\t\t\t\t\t\t<div class=\"elementor-spacer\">\n\t\t\t<div class=\"elementor-spacer-inner\"><\/div>\n\t\t<\/div>\n\t\t\t\t\t\t<\/div>\n\t\t\t\t<\/div>\n\t\t\t\t\t<\/div>\n\t\t<\/div>\n\t\t\t\t\t<\/div>\n\t\t<\/section>\n\t\t\t\t<section class=\"elementor-section elementor-top-section elementor-element elementor-element-559fb987 elementor-section-boxed elementor-section-height-default elementor-section-height-default\" data-id=\"559fb987\" data-element_type=\"section\">\n\t\t\t\t\t\t<div class=\"elementor-container elementor-column-gap-default\">\n\t\t\t\t\t<div class=\"elementor-column elementor-col-50 elementor-top-column elementor-element elementor-element-4122890a\" data-id=\"4122890a\" data-element_type=\"column\">\n\t\t\t<div class=\"elementor-widget-wrap elementor-element-populated\">\n\t\t\t\t\t\t<div class=\"elementor-element elementor-element-371f6096 elementor-widget elementor-widget-heading\" data-id=\"371f6096\" data-element_type=\"widget\" data-widget_type=\"heading.default\">\n\t\t\t\t<div class=\"elementor-widget-container\">\n\t\t\t\t\t<h2 class=\"elementor-heading-title elementor-size-default\">PARTAGER CETTE ACTUALIT\u00c9<\/h2>\t\t\t\t<\/div>\n\t\t\t\t<\/div>\n\t\t\t\t\t<\/div>\n\t\t<\/div>\n\t\t\t\t<div class=\"elementor-column elementor-col-50 elementor-top-column elementor-element elementor-element-55b0437b\" data-id=\"55b0437b\" data-element_type=\"column\">\n\t\t\t<div class=\"elementor-widget-wrap elementor-element-populated\">\n\t\t\t\t\t\t<div class=\"elementor-element elementor-element-6b7dfbb3 elementor-share-buttons--skin-framed elementor-share-buttons--align-right elementor-share-buttons--color-custom elementor-share-buttons--view-icon-text elementor-share-buttons--shape-square elementor-grid-0 elementor-widget elementor-widget-share-buttons\" data-id=\"6b7dfbb3\" data-element_type=\"widget\" data-widget_type=\"share-buttons.default\">\n\t\t\t\t<div class=\"elementor-widget-container\">\n\t\t\t\t\t\t\t<div class=\"elementor-grid\">\n\t\t\t\t\t\t\t\t<div class=\"elementor-grid-item\">\n\t\t\t\t\t\t<div\n\t\t\t\t\t\t\tclass=\"elementor-share-btn elementor-share-btn_facebook\"\n\t\t\t\t\t\t\trole=\"button\"\n\t\t\t\t\t\t\ttabindex=\"0\"\n\t\t\t\t\t\t\taria-label=\"Partager sur facebook\"\n\t\t\t\t\t\t>\n\t\t\t\t\t\t\t\t\t\t\t\t\t\t\t<span class=\"elementor-share-btn__icon\">\n\t\t\t\t\t\t\t\t<i class=\"fab fa-facebook\" aria-hidden=\"true\"><\/i>\t\t\t\t\t\t\t<\/span>\n\t\t\t\t\t\t\t\t\t\t\t\t\t\t\t\t\t\t\t\t\t\t<div class=\"elementor-share-btn__text\">\n\t\t\t\t\t\t\t\t\t\t\t\t\t\t\t\t\t\t\t<span class=\"elementor-share-btn__title\">\n\t\t\t\t\t\t\t\t\t\tFacebook\t\t\t\t\t\t\t\t\t<\/span>\n\t\t\t\t\t\t\t\t\t\t\t\t\t\t\t\t\t<\/div>\n\t\t\t\t\t\t\t\t\t\t\t\t\t<\/div>\n\t\t\t\t\t<\/div>\n\t\t\t\t\t\t\t\t\t<div class=\"elementor-grid-item\">\n\t\t\t\t\t\t<div\n\t\t\t\t\t\t\tclass=\"elementor-share-btn elementor-share-btn_twitter\"\n\t\t\t\t\t\t\trole=\"button\"\n\t\t\t\t\t\t\ttabindex=\"0\"\n\t\t\t\t\t\t\taria-label=\"Partager sur twitter\"\n\t\t\t\t\t\t>\n\t\t\t\t\t\t\t\t\t\t\t\t\t\t\t<span class=\"elementor-share-btn__icon\">\n\t\t\t\t\t\t\t\t<i class=\"fab fa-twitter\" aria-hidden=\"true\"><\/i>\t\t\t\t\t\t\t<\/span>\n\t\t\t\t\t\t\t\t\t\t\t\t\t\t\t\t\t\t\t\t\t\t<div class=\"elementor-share-btn__text\">\n\t\t\t\t\t\t\t\t\t\t\t\t\t\t\t\t\t\t\t<span class=\"elementor-share-btn__title\">\n\t\t\t\t\t\t\t\t\t\tTwitter\t\t\t\t\t\t\t\t\t<\/span>\n\t\t\t\t\t\t\t\t\t\t\t\t\t\t\t\t\t<\/div>\n\t\t\t\t\t\t\t\t\t\t\t\t\t<\/div>\n\t\t\t\t\t<\/div>\n\t\t\t\t\t\t<\/div>\n\t\t\t\t\t\t<\/div>\n\t\t\t\t<\/div>\n\t\t\t\t\t<\/div>\n\t\t<\/div>\n\t\t\t\t\t<\/div>\n\t\t<\/section>\n\t\t\t\t<section class=\"elementor-section elementor-top-section elementor-element elementor-element-6b01e0b5 elementor-section-boxed elementor-section-height-default elementor-section-height-default\" data-id=\"6b01e0b5\" data-element_type=\"section\">\n\t\t\t\t\t\t<div class=\"elementor-container elementor-column-gap-default\">\n\t\t\t\t\t<div class=\"elementor-column elementor-col-100 elementor-top-column elementor-element elementor-element-277b7693\" data-id=\"277b7693\" data-element_type=\"column\">\n\t\t\t<div class=\"elementor-widget-wrap elementor-element-populated\">\n\t\t\t\t\t\t<div class=\"elementor-element elementor-element-69ddcea1 elementor-widget elementor-widget-spacer\" data-id=\"69ddcea1\" data-element_type=\"widget\" data-widget_type=\"spacer.default\">\n\t\t\t\t<div class=\"elementor-widget-container\">\n\t\t\t\t\t\t\t<div class=\"elementor-spacer\">\n\t\t\t<div class=\"elementor-spacer-inner\"><\/div>\n\t\t<\/div>\n\t\t\t\t\t\t<\/div>\n\t\t\t\t<\/div>\n\t\t\t\t\t<\/div>\n\t\t<\/div>\n\t\t\t\t\t<\/div>\n\t\t<\/section>\n\t\t\t\t<section class=\"elementor-section elementor-top-section elementor-element elementor-element-67d3342c elementor-section-boxed elementor-section-height-default elementor-section-height-default\" data-id=\"67d3342c\" data-element_type=\"section\">\n\t\t\t\t\t\t<div class=\"elementor-container elementor-column-gap-default\">\n\t\t\t\t\t<div class=\"elementor-column elementor-col-100 elementor-top-column elementor-element elementor-element-2b265b43\" data-id=\"2b265b43\" data-element_type=\"column\">\n\t\t\t<div class=\"elementor-widget-wrap elementor-element-populated\">\n\t\t\t\t\t\t<div class=\"elementor-element elementor-element-1746ab14 elementor-widget elementor-widget-heading\" data-id=\"1746ab14\" data-element_type=\"widget\" data-widget_type=\"heading.default\">\n\t\t\t\t<div class=\"elementor-widget-container\">\n\t\t\t\t\t<h2 class=\"elementor-heading-title elementor-size-default\">Les derni\u00e8res actualit\u00e9s<\/h2>\t\t\t\t<\/div>\n\t\t\t\t<\/div>\n\t\t\t\t<div class=\"elementor-element elementor-element-622c74e elementor-posts--align-left elementor-grid-4 elementor-grid-tablet-2 elementor-grid-mobile-1 elementor-posts--thumbnail-top elementor-posts__hover-gradient elementor-widget elementor-widget-posts\" data-id=\"622c74e\" data-element_type=\"widget\" data-settings=\"{&quot;cards_columns&quot;:&quot;4&quot;,&quot;cards_row_gap&quot;:{&quot;unit&quot;:&quot;px&quot;,&quot;size&quot;:32,&quot;sizes&quot;:[]},&quot;cards_columns_tablet&quot;:&quot;2&quot;,&quot;cards_columns_mobile&quot;:&quot;1&quot;,&quot;cards_row_gap_tablet&quot;:{&quot;unit&quot;:&quot;px&quot;,&quot;size&quot;:&quot;&quot;,&quot;sizes&quot;:[]},&quot;cards_row_gap_mobile&quot;:{&quot;unit&quot;:&quot;px&quot;,&quot;size&quot;:&quot;&quot;,&quot;sizes&quot;:[]}}\" data-widget_type=\"posts.cards\">\n\t\t\t\t<div class=\"elementor-widget-container\">\n\t\t\t\t\t\t\t<div class=\"elementor-posts-container elementor-posts elementor-posts--skin-cards elementor-grid\">\n\t\t\t\t<article class=\"elementor-post elementor-grid-item post-6620 post type-post status-publish format-standard has-post-thumbnail hentry category-festival26 category-news\">\n\t\t\t<div class=\"elementor-post__card\">\n\t\t\t\t<a class=\"elementor-post__thumbnail__link\" href=\"https:\/\/lesdocsdenoirmoutier.fr\/?p=6620\" tabindex=\"-1\" target=\"_blank\"><div class=\"elementor-post__thumbnail\"><img fetchpriority=\"high\" decoding=\"async\" width=\"1024\" height=\"773\" src=\"https:\/\/lesdocsdenoirmoutier.fr\/wp-content\/uploads\/2025\/10\/portable-marconi-wireless-2203858-1024x773.jpg\" class=\"attachment-large size-large wp-image-6621\" alt=\"\" srcset=\"https:\/\/lesdocsdenoirmoutier.fr\/wp-content\/uploads\/2025\/10\/portable-marconi-wireless-2203858-1024x773.jpg 1024w, https:\/\/lesdocsdenoirmoutier.fr\/wp-content\/uploads\/2025\/10\/portable-marconi-wireless-2203858-300x227.jpg 300w, https:\/\/lesdocsdenoirmoutier.fr\/wp-content\/uploads\/2025\/10\/portable-marconi-wireless-2203858-768x580.jpg 768w, https:\/\/lesdocsdenoirmoutier.fr\/wp-content\/uploads\/2025\/10\/portable-marconi-wireless-2203858-1536x1160.jpg 1536w, https:\/\/lesdocsdenoirmoutier.fr\/wp-content\/uploads\/2025\/10\/portable-marconi-wireless-2203858-2048x1546.jpg 2048w\" sizes=\"(max-width: 1024px) 100vw, 1024px\" \/><\/div><\/a>\n\t\t\t\t<div class=\"elementor-post__badge\">Festival 2026<\/div>\n\t\t\t\t<div class=\"elementor-post__text\">\n\t\t\t\t<h3 class=\"elementor-post__title\">\n\t\t\t<a href=\"https:\/\/lesdocsdenoirmoutier.fr\/?p=6620\" target=&quot;_blank&quot;>\n\t\t\t\tAPPEL \u00c0 CR\u00c9ATIONS SONORES 2026\t\t\t<\/a>\n\t\t<\/h3>\n\t\t\n\t\t<a class=\"elementor-post__read-more\" href=\"https:\/\/lesdocsdenoirmoutier.fr\/?p=6620\" aria-label=\"En savoir plus sur APPEL \u00c0 CR\u00c9ATIONS SONORES 2026\" tabindex=\"-1\" target=\"_blank\">\n\t\t\tLire l'article \u00bb\t\t<\/a>\n\n\t\t\t\t<\/div>\n\t\t\t\t\t<\/div>\n\t\t<\/article>\n\t\t\t\t<article class=\"elementor-post elementor-grid-item post-5929 post type-post status-publish format-standard has-post-thumbnail hentry category-festival25 category-news\">\n\t\t\t<div class=\"elementor-post__card\">\n\t\t\t\t<a class=\"elementor-post__thumbnail__link\" href=\"https:\/\/lesdocsdenoirmoutier.fr\/?p=5929\" tabindex=\"-1\" target=\"_blank\"><div class=\"elementor-post__thumbnail\"><img decoding=\"async\" width=\"1024\" height=\"684\" src=\"https:\/\/lesdocsdenoirmoutier.fr\/wp-content\/uploads\/2024\/10\/etienne-boulanger-hAsqgaFZSaQ-unsplash-1024x684.jpg\" class=\"attachment-large size-large wp-image-5932\" alt=\"\" srcset=\"https:\/\/lesdocsdenoirmoutier.fr\/wp-content\/uploads\/2024\/10\/etienne-boulanger-hAsqgaFZSaQ-unsplash-1024x684.jpg 1024w, https:\/\/lesdocsdenoirmoutier.fr\/wp-content\/uploads\/2024\/10\/etienne-boulanger-hAsqgaFZSaQ-unsplash-300x200.jpg 300w, https:\/\/lesdocsdenoirmoutier.fr\/wp-content\/uploads\/2024\/10\/etienne-boulanger-hAsqgaFZSaQ-unsplash-768x513.jpg 768w, https:\/\/lesdocsdenoirmoutier.fr\/wp-content\/uploads\/2024\/10\/etienne-boulanger-hAsqgaFZSaQ-unsplash-1536x1025.jpg 1536w, https:\/\/lesdocsdenoirmoutier.fr\/wp-content\/uploads\/2024\/10\/etienne-boulanger-hAsqgaFZSaQ-unsplash-2048x1367.jpg 2048w\" sizes=\"(max-width: 1024px) 100vw, 1024px\" \/><\/div><\/a>\n\t\t\t\t<div class=\"elementor-post__badge\">Festival 2025<\/div>\n\t\t\t\t<div class=\"elementor-post__text\">\n\t\t\t\t<h3 class=\"elementor-post__title\">\n\t\t\t<a href=\"https:\/\/lesdocsdenoirmoutier.fr\/?p=5929\" target=&quot;_blank&quot;>\n\t\t\t\tAPPEL \u00c0 CR\u00c9ATIONS SONORES 2025\t\t\t<\/a>\n\t\t<\/h3>\n\t\t\n\t\t<a class=\"elementor-post__read-more\" href=\"https:\/\/lesdocsdenoirmoutier.fr\/?p=5929\" aria-label=\"En savoir plus sur APPEL \u00c0 CR\u00c9ATIONS SONORES 2025\" tabindex=\"-1\" target=\"_blank\">\n\t\t\tLire l'article \u00bb\t\t<\/a>\n\n\t\t\t\t<\/div>\n\t\t\t\t\t<\/div>\n\t\t<\/article>\n\t\t\t\t<article class=\"elementor-post elementor-grid-item post-4720 post type-post status-publish format-standard has-post-thumbnail hentry category-news\">\n\t\t\t<div class=\"elementor-post__card\">\n\t\t\t\t<a class=\"elementor-post__thumbnail__link\" href=\"https:\/\/lesdocsdenoirmoutier.fr\/?p=4720\" tabindex=\"-1\" target=\"_blank\"><div class=\"elementor-post__thumbnail\"><img decoding=\"async\" width=\"1024\" height=\"729\" src=\"https:\/\/lesdocsdenoirmoutier.fr\/wp-content\/uploads\/2024\/02\/GaussonBichroDons-1024x729.png\" class=\"attachment-large size-large wp-image-4724\" alt=\"\" srcset=\"https:\/\/lesdocsdenoirmoutier.fr\/wp-content\/uploads\/2024\/02\/GaussonBichroDons-1024x729.png 1024w, https:\/\/lesdocsdenoirmoutier.fr\/wp-content\/uploads\/2024\/02\/GaussonBichroDons-300x214.png 300w, https:\/\/lesdocsdenoirmoutier.fr\/wp-content\/uploads\/2024\/02\/GaussonBichroDons-768x547.png 768w, https:\/\/lesdocsdenoirmoutier.fr\/wp-content\/uploads\/2024\/02\/GaussonBichroDons-1536x1094.png 1536w, https:\/\/lesdocsdenoirmoutier.fr\/wp-content\/uploads\/2024\/02\/GaussonBichroDons.png 1772w\" sizes=\"(max-width: 1024px) 100vw, 1024px\" \/><\/div><\/a>\n\t\t\t\t<div class=\"elementor-post__badge\">News<\/div>\n\t\t\t\t<div class=\"elementor-post__text\">\n\t\t\t\t<h3 class=\"elementor-post__title\">\n\t\t\t<a href=\"https:\/\/lesdocsdenoirmoutier.fr\/?p=4720\" target=&quot;_blank&quot;>\n\t\t\t\tSOUTENEZ LES DOCS DE NOIRMOUTIER EN 2024\t\t\t<\/a>\n\t\t<\/h3>\n\t\t\n\t\t<a class=\"elementor-post__read-more\" href=\"https:\/\/lesdocsdenoirmoutier.fr\/?p=4720\" aria-label=\"En savoir plus sur SOUTENEZ LES DOCS DE NOIRMOUTIER EN 2024\" tabindex=\"-1\" target=\"_blank\">\n\t\t\tLire l'article \u00bb\t\t<\/a>\n\n\t\t\t\t<\/div>\n\t\t\t\t\t<\/div>\n\t\t<\/article>\n\t\t\t\t<article class=\"elementor-post elementor-grid-item post-4563 post type-post status-publish format-standard has-post-thumbnail hentry category-news category-vie-associative\">\n\t\t\t<div class=\"elementor-post__card\">\n\t\t\t\t<a class=\"elementor-post__thumbnail__link\" href=\"https:\/\/lesdocsdenoirmoutier.fr\/?p=4563\" tabindex=\"-1\" target=\"_blank\"><div class=\"elementor-post__thumbnail\"><img loading=\"lazy\" decoding=\"async\" width=\"678\" height=\"1024\" src=\"https:\/\/lesdocsdenoirmoutier.fr\/wp-content\/uploads\/2023\/10\/LDDN-Portraits-Bruno-Poilvet-0360-BW_BD-678x1024.jpeg\" class=\"attachment-large size-large wp-image-4565\" alt=\"\" srcset=\"https:\/\/lesdocsdenoirmoutier.fr\/wp-content\/uploads\/2023\/10\/LDDN-Portraits-Bruno-Poilvet-0360-BW_BD-678x1024.jpeg 678w, https:\/\/lesdocsdenoirmoutier.fr\/wp-content\/uploads\/2023\/10\/LDDN-Portraits-Bruno-Poilvet-0360-BW_BD-199x300.jpeg 199w, https:\/\/lesdocsdenoirmoutier.fr\/wp-content\/uploads\/2023\/10\/LDDN-Portraits-Bruno-Poilvet-0360-BW_BD-768x1159.jpeg 768w, https:\/\/lesdocsdenoirmoutier.fr\/wp-content\/uploads\/2023\/10\/LDDN-Portraits-Bruno-Poilvet-0360-BW_BD-1018x1536.jpeg 1018w, https:\/\/lesdocsdenoirmoutier.fr\/wp-content\/uploads\/2023\/10\/LDDN-Portraits-Bruno-Poilvet-0360-BW_BD.jpeg 1272w\" sizes=\"(max-width: 678px) 100vw, 678px\" \/><\/div><\/a>\n\t\t\t\t<div class=\"elementor-post__badge\">News<\/div>\n\t\t\t\t<div class=\"elementor-post__text\">\n\t\t\t\t<h3 class=\"elementor-post__title\">\n\t\t\t<a href=\"https:\/\/lesdocsdenoirmoutier.fr\/?p=4563\" target=&quot;_blank&quot;>\n\t\t\t\tPORTRAIT DE DOCKER &#8211; BRUNO POILVET\t\t\t<\/a>\n\t\t<\/h3>\n\t\t\n\t\t<a class=\"elementor-post__read-more\" href=\"https:\/\/lesdocsdenoirmoutier.fr\/?p=4563\" aria-label=\"En savoir plus sur PORTRAIT DE DOCKER &#8211; BRUNO POILVET\" tabindex=\"-1\" target=\"_blank\">\n\t\t\tLire l'article \u00bb\t\t<\/a>\n\n\t\t\t\t<\/div>\n\t\t\t\t\t<\/div>\n\t\t<\/article>\n\t\t\t\t<article class=\"elementor-post elementor-grid-item post-4512 post type-post status-publish format-standard has-post-thumbnail hentry category-ateliers\">\n\t\t\t<div class=\"elementor-post__card\">\n\t\t\t\t<a class=\"elementor-post__thumbnail__link\" href=\"https:\/\/lesdocsdenoirmoutier.fr\/?p=4512\" tabindex=\"-1\" target=\"_blank\"><div class=\"elementor-post__thumbnail\"><img loading=\"lazy\" decoding=\"async\" width=\"1024\" height=\"768\" src=\"https:\/\/lesdocsdenoirmoutier.fr\/wp-content\/uploads\/2023\/10\/HeaderActuCyano.jpg\" class=\"attachment-large size-large wp-image-4516\" alt=\"Cyanotype d&#039;algue r\u00e9alis\u00e9 lors de l&#039;atelier de septembre\" srcset=\"https:\/\/lesdocsdenoirmoutier.fr\/wp-content\/uploads\/2023\/10\/HeaderActuCyano.jpg 1024w, https:\/\/lesdocsdenoirmoutier.fr\/wp-content\/uploads\/2023\/10\/HeaderActuCyano-300x225.jpg 300w, https:\/\/lesdocsdenoirmoutier.fr\/wp-content\/uploads\/2023\/10\/HeaderActuCyano-768x576.jpg 768w\" sizes=\"(max-width: 1024px) 100vw, 1024px\" \/><\/div><\/a>\n\t\t\t\t<div class=\"elementor-post__badge\">Ateliers<\/div>\n\t\t\t\t<div class=\"elementor-post__text\">\n\t\t\t\t<h3 class=\"elementor-post__title\">\n\t\t\t<a href=\"https:\/\/lesdocsdenoirmoutier.fr\/?p=4512\" target=&quot;_blank&quot;>\n\t\t\t\tATELIER BOTANIQUE ET CYANOTYPE\t\t\t<\/a>\n\t\t<\/h3>\n\t\t\n\t\t<a class=\"elementor-post__read-more\" href=\"https:\/\/lesdocsdenoirmoutier.fr\/?p=4512\" aria-label=\"En savoir plus sur ATELIER BOTANIQUE ET CYANOTYPE\" tabindex=\"-1\" target=\"_blank\">\n\t\t\tLire l'article \u00bb\t\t<\/a>\n\n\t\t\t\t<\/div>\n\t\t\t\t\t<\/div>\n\t\t<\/article>\n\t\t\t\t<article class=\"elementor-post elementor-grid-item post-4356 post type-post status-publish format-standard has-post-thumbnail hentry category-evenement\">\n\t\t\t<div class=\"elementor-post__card\">\n\t\t\t\t<a class=\"elementor-post__thumbnail__link\" href=\"https:\/\/lesdocsdenoirmoutier.fr\/?p=4356\" tabindex=\"-1\" target=\"_blank\"><div class=\"elementor-post__thumbnail\"><img loading=\"lazy\" decoding=\"async\" width=\"1024\" height=\"575\" src=\"https:\/\/lesdocsdenoirmoutier.fr\/wp-content\/uploads\/2023\/04\/Debris_still_aquarium-e1681942583146-1024x575.png\" class=\"attachment-large size-large wp-image-4359\" alt=\"\" srcset=\"https:\/\/lesdocsdenoirmoutier.fr\/wp-content\/uploads\/2023\/04\/Debris_still_aquarium-e1681942583146-1024x575.png 1024w, https:\/\/lesdocsdenoirmoutier.fr\/wp-content\/uploads\/2023\/04\/Debris_still_aquarium-e1681942583146-300x168.png 300w, https:\/\/lesdocsdenoirmoutier.fr\/wp-content\/uploads\/2023\/04\/Debris_still_aquarium-e1681942583146-768x431.png 768w, https:\/\/lesdocsdenoirmoutier.fr\/wp-content\/uploads\/2023\/04\/Debris_still_aquarium-e1681942583146-1536x862.png 1536w, https:\/\/lesdocsdenoirmoutier.fr\/wp-content\/uploads\/2023\/04\/Debris_still_aquarium-e1681942583146-2048x1150.png 2048w\" sizes=\"(max-width: 1024px) 100vw, 1024px\" \/><\/div><\/a>\n\t\t\t\t<div class=\"elementor-post__badge\">\u00c9v\u00e9nement<\/div>\n\t\t\t\t<div class=\"elementor-post__text\">\n\t\t\t\t<h3 class=\"elementor-post__title\">\n\t\t\t<a href=\"https:\/\/lesdocsdenoirmoutier.fr\/?p=4356\" target=&quot;_blank&quot;>\n\t\t\t\tCIN\u00c9 RENCONTRE AU CONSULAT, PARIS XI\t\t\t<\/a>\n\t\t<\/h3>\n\t\t\n\t\t<a class=\"elementor-post__read-more\" href=\"https:\/\/lesdocsdenoirmoutier.fr\/?p=4356\" aria-label=\"En savoir plus sur CIN\u00c9 RENCONTRE AU CONSULAT, PARIS XI\" tabindex=\"-1\" target=\"_blank\">\n\t\t\tLire l'article \u00bb\t\t<\/a>\n\n\t\t\t\t<\/div>\n\t\t\t\t\t<\/div>\n\t\t<\/article>\n\t\t\t\t<\/div>\n\t\t\n\t\t\t\t\t\t<\/div>\n\t\t\t\t<\/div>\n\t\t\t\t\t<\/div>\n\t\t<\/div>\n\t\t\t\t\t<\/div>\n\t\t<\/section>\n\t\t\t\t<\/div>\n\t\t","protected":false},"excerpt":{"rendered":"<p>NEWS La th\u00e9matique de la 2\u00e8me \u00e9dition d\u00e9voil\u00e9e ! \u00a9 Maximilien Zamanski Chaque ann\u00e9e les Docs de Noirmoutier propose une th\u00e9matique autour de laquelle sont programm\u00e9es des \u0153uvres documentaires, des d\u00e9bats et des tables rondes. Pour cette deuxi\u00e8me \u00e9dition, l\u2019\u00e9quipe du festival a choisi le th\u00e8me : FAIRE M\u00c9MOIREla fabrique des r\u00e9cits collectifs Les \u0153uvres<\/p>\n","protected":false},"author":1,"featured_media":2638,"comment_status":"open","ping_status":"open","sticky":false,"template":"elementor_header_footer","format":"standard","meta":{"_mo_disable_npp":"","_kad_post_transparent":"","_kad_post_title":"","_kad_post_layout":"","_kad_post_sidebar_id":"","_kad_post_content_style":"","_kad_post_vertical_padding":"","_kad_post_feature":"","_kad_post_feature_position":"","_kad_post_header":false,"_kad_post_footer":false,"footnotes":""},"categories":[1],"tags":[],"class_list":["post-2636","post","type-post","status-publish","format-standard","has-post-thumbnail","hentry","category-news"],"yoast_head":"<!-- This site is optimized with the Yoast SEO plugin v27.5 - https:\/\/yoast.com\/product\/yoast-seo-wordpress\/ -->\n<title>LA TH\u00c9MATIQUE DE LA DEUXI\u00c8ME \u00c9DITION D\u00c9VOIL\u00c9E ! - Les Docs de Noirmoutier<\/title>\n<meta name=\"robots\" content=\"index, follow, max-snippet:-1, max-image-preview:large, max-video-preview:-1\" \/>\n<link rel=\"canonical\" href=\"https:\/\/lesdocsdenoirmoutier.fr\/?p=2636\" \/>\n<meta property=\"og:locale\" content=\"fr_FR\" \/>\n<meta property=\"og:type\" content=\"article\" \/>\n<meta property=\"og:title\" content=\"LA TH\u00c9MATIQUE DE LA DEUXI\u00c8ME \u00c9DITION D\u00c9VOIL\u00c9E ! - Les Docs de Noirmoutier\" \/>\n<meta property=\"og:description\" content=\"NEWS La th\u00e9matique de la 2\u00e8me \u00e9dition d\u00e9voil\u00e9e ! \u00a9 Maximilien Zamanski Chaque ann\u00e9e les Docs de Noirmoutier propose une th\u00e9matique autour de laquelle sont programm\u00e9es des \u0153uvres documentaires, des d\u00e9bats et des tables rondes. Pour cette deuxi\u00e8me \u00e9dition, l\u2019\u00e9quipe du festival a choisi le th\u00e8me : FAIRE M\u00c9MOIREla fabrique des r\u00e9cits collectifs Les \u0153uvres\" \/>\n<meta property=\"og:url\" content=\"https:\/\/lesdocsdenoirmoutier.fr\/?p=2636\" \/>\n<meta property=\"og:site_name\" content=\"Les Docs de Noirmoutier\" \/>\n<meta property=\"article:publisher\" content=\"https:\/\/www.facebook.com\/lesdocsdenoirmoutier\" \/>\n<meta property=\"article:published_time\" content=\"2022-03-19T12:18:21+00:00\" \/>\n<meta property=\"article:modified_time\" content=\"2022-08-11T17:05:09+00:00\" \/>\n<meta property=\"og:image\" content=\"https:\/\/lesdocsdenoirmoutier.fr\/wp-content\/uploads\/2022\/03\/00027-1-683x1024.jpg\" \/>\n\t<meta property=\"og:image:width\" content=\"683\" \/>\n\t<meta property=\"og:image:height\" content=\"1024\" \/>\n\t<meta property=\"og:image:type\" content=\"image\/jpeg\" \/>\n<meta name=\"author\" content=\"admin4678\" \/>\n<meta name=\"twitter:card\" content=\"summary_large_image\" \/>\n<meta name=\"twitter:label1\" content=\"\u00c9crit par\" \/>\n\t<meta name=\"twitter:data1\" content=\"admin4678\" \/>\n\t<meta name=\"twitter:label2\" content=\"Dur\u00e9e de lecture estim\u00e9e\" \/>\n\t<meta name=\"twitter:data2\" content=\"4 minutes\" \/>\n<script type=\"application\/ld+json\" class=\"yoast-schema-graph\">{\"@context\":\"https:\\\/\\\/schema.org\",\"@graph\":[{\"@type\":\"Article\",\"@id\":\"https:\\\/\\\/lesdocsdenoirmoutier.fr\\\/?p=2636#article\",\"isPartOf\":{\"@id\":\"https:\\\/\\\/lesdocsdenoirmoutier.fr\\\/?p=2636\"},\"author\":{\"name\":\"admin4678\",\"@id\":\"https:\\\/\\\/lesdocsdenoirmoutier.fr\\\/#\\\/schema\\\/person\\\/3db3bf5ee73eb951ed24ea0d9e98627b\"},\"headline\":\"LA TH\u00c9MATIQUE DE LA DEUXI\u00c8ME \u00c9DITION D\u00c9VOIL\u00c9E !\",\"datePublished\":\"2022-03-19T12:18:21+00:00\",\"dateModified\":\"2022-08-11T17:05:09+00:00\",\"mainEntityOfPage\":{\"@id\":\"https:\\\/\\\/lesdocsdenoirmoutier.fr\\\/?p=2636\"},\"wordCount\":416,\"commentCount\":0,\"publisher\":{\"@id\":\"https:\\\/\\\/lesdocsdenoirmoutier.fr\\\/#organization\"},\"image\":{\"@id\":\"https:\\\/\\\/lesdocsdenoirmoutier.fr\\\/?p=2636#primaryimage\"},\"thumbnailUrl\":\"https:\\\/\\\/lesdocsdenoirmoutier.fr\\\/wp-content\\\/uploads\\\/2022\\\/03\\\/00027-1.jpg\",\"articleSection\":[\"News\"],\"inLanguage\":\"fr-FR\",\"potentialAction\":[{\"@type\":\"CommentAction\",\"name\":\"Comment\",\"target\":[\"https:\\\/\\\/lesdocsdenoirmoutier.fr\\\/?p=2636#respond\"]}]},{\"@type\":\"WebPage\",\"@id\":\"https:\\\/\\\/lesdocsdenoirmoutier.fr\\\/?p=2636\",\"url\":\"https:\\\/\\\/lesdocsdenoirmoutier.fr\\\/?p=2636\",\"name\":\"LA TH\u00c9MATIQUE DE LA DEUXI\u00c8ME \u00c9DITION D\u00c9VOIL\u00c9E ! - Les Docs de Noirmoutier\",\"isPartOf\":{\"@id\":\"https:\\\/\\\/lesdocsdenoirmoutier.fr\\\/#website\"},\"primaryImageOfPage\":{\"@id\":\"https:\\\/\\\/lesdocsdenoirmoutier.fr\\\/?p=2636#primaryimage\"},\"image\":{\"@id\":\"https:\\\/\\\/lesdocsdenoirmoutier.fr\\\/?p=2636#primaryimage\"},\"thumbnailUrl\":\"https:\\\/\\\/lesdocsdenoirmoutier.fr\\\/wp-content\\\/uploads\\\/2022\\\/03\\\/00027-1.jpg\",\"datePublished\":\"2022-03-19T12:18:21+00:00\",\"dateModified\":\"2022-08-11T17:05:09+00:00\",\"breadcrumb\":{\"@id\":\"https:\\\/\\\/lesdocsdenoirmoutier.fr\\\/?p=2636#breadcrumb\"},\"inLanguage\":\"fr-FR\",\"potentialAction\":[{\"@type\":\"ReadAction\",\"target\":[\"https:\\\/\\\/lesdocsdenoirmoutier.fr\\\/?p=2636\"]}]},{\"@type\":\"ImageObject\",\"inLanguage\":\"fr-FR\",\"@id\":\"https:\\\/\\\/lesdocsdenoirmoutier.fr\\\/?p=2636#primaryimage\",\"url\":\"https:\\\/\\\/lesdocsdenoirmoutier.fr\\\/wp-content\\\/uploads\\\/2022\\\/03\\\/00027-1.jpg\",\"contentUrl\":\"https:\\\/\\\/lesdocsdenoirmoutier.fr\\\/wp-content\\\/uploads\\\/2022\\\/03\\\/00027-1.jpg\",\"width\":1600,\"height\":2400},{\"@type\":\"BreadcrumbList\",\"@id\":\"https:\\\/\\\/lesdocsdenoirmoutier.fr\\\/?p=2636#breadcrumb\",\"itemListElement\":[{\"@type\":\"ListItem\",\"position\":1,\"name\":\"Accueil\",\"item\":\"https:\\\/\\\/lesdocsdenoirmoutier.fr\\\/\"},{\"@type\":\"ListItem\",\"position\":2,\"name\":\"LA TH\u00c9MATIQUE DE LA DEUXI\u00c8ME \u00c9DITION D\u00c9VOIL\u00c9E !\"}]},{\"@type\":\"WebSite\",\"@id\":\"https:\\\/\\\/lesdocsdenoirmoutier.fr\\\/#website\",\"url\":\"https:\\\/\\\/lesdocsdenoirmoutier.fr\\\/\",\"name\":\"Les Docs de Noirmoutier\",\"description\":\"Festival de Documentaires sur l\u2019\u00eele de Noirmoutier\",\"publisher\":{\"@id\":\"https:\\\/\\\/lesdocsdenoirmoutier.fr\\\/#organization\"},\"potentialAction\":[{\"@type\":\"SearchAction\",\"target\":{\"@type\":\"EntryPoint\",\"urlTemplate\":\"https:\\\/\\\/lesdocsdenoirmoutier.fr\\\/?s={search_term_string}\"},\"query-input\":{\"@type\":\"PropertyValueSpecification\",\"valueRequired\":true,\"valueName\":\"search_term_string\"}}],\"inLanguage\":\"fr-FR\"},{\"@type\":\"Organization\",\"@id\":\"https:\\\/\\\/lesdocsdenoirmoutier.fr\\\/#organization\",\"name\":\"Les Docs de Noirmoutier\",\"url\":\"https:\\\/\\\/lesdocsdenoirmoutier.fr\\\/\",\"logo\":{\"@type\":\"ImageObject\",\"inLanguage\":\"fr-FR\",\"@id\":\"https:\\\/\\\/lesdocsdenoirmoutier.fr\\\/#\\\/schema\\\/logo\\\/image\\\/\",\"url\":\"https:\\\/\\\/lesdocsdenoirmoutier.fr\\\/wp-content\\\/uploads\\\/2021\\\/05\\\/cropped-HD_LES-DOCS-DE-NOIRMOUTIERS_Logo_RVB_Fond-Clair-1.png\",\"contentUrl\":\"https:\\\/\\\/lesdocsdenoirmoutier.fr\\\/wp-content\\\/uploads\\\/2021\\\/05\\\/cropped-HD_LES-DOCS-DE-NOIRMOUTIERS_Logo_RVB_Fond-Clair-1.png\",\"width\":7064,\"height\":3098,\"caption\":\"Les Docs de Noirmoutier\"},\"image\":{\"@id\":\"https:\\\/\\\/lesdocsdenoirmoutier.fr\\\/#\\\/schema\\\/logo\\\/image\\\/\"},\"sameAs\":[\"https:\\\/\\\/www.facebook.com\\\/lesdocsdenoirmoutier\",\"https:\\\/\\\/www.instagram.com\\\/lesdocsdenoirmoutier\\\/\"]},{\"@type\":\"Person\",\"@id\":\"https:\\\/\\\/lesdocsdenoirmoutier.fr\\\/#\\\/schema\\\/person\\\/3db3bf5ee73eb951ed24ea0d9e98627b\",\"name\":\"admin4678\",\"image\":{\"@type\":\"ImageObject\",\"inLanguage\":\"fr-FR\",\"@id\":\"https:\\\/\\\/secure.gravatar.com\\\/avatar\\\/b520d5e41659568023111d5686799beea5df4961a1859e2bae64da9391901a45?s=96&d=mm&r=g\",\"url\":\"https:\\\/\\\/secure.gravatar.com\\\/avatar\\\/b520d5e41659568023111d5686799beea5df4961a1859e2bae64da9391901a45?s=96&d=mm&r=g\",\"contentUrl\":\"https:\\\/\\\/secure.gravatar.com\\\/avatar\\\/b520d5e41659568023111d5686799beea5df4961a1859e2bae64da9391901a45?s=96&d=mm&r=g\",\"caption\":\"admin4678\"},\"sameAs\":[\"http:\\\/\\\/lesdocsdenoirmoutier.fr\"],\"url\":\"https:\\\/\\\/lesdocsdenoirmoutier.fr\\\/?author=1\"}]}<\/script>\n<!-- \/ Yoast SEO plugin. -->","yoast_head_json":{"title":"LA TH\u00c9MATIQUE DE LA DEUXI\u00c8ME \u00c9DITION D\u00c9VOIL\u00c9E ! - Les Docs de Noirmoutier","robots":{"index":"index","follow":"follow","max-snippet":"max-snippet:-1","max-image-preview":"max-image-preview:large","max-video-preview":"max-video-preview:-1"},"canonical":"https:\/\/lesdocsdenoirmoutier.fr\/?p=2636","og_locale":"fr_FR","og_type":"article","og_title":"LA TH\u00c9MATIQUE DE LA DEUXI\u00c8ME \u00c9DITION D\u00c9VOIL\u00c9E ! - Les Docs de Noirmoutier","og_description":"NEWS La th\u00e9matique de la 2\u00e8me \u00e9dition d\u00e9voil\u00e9e ! \u00a9 Maximilien Zamanski Chaque ann\u00e9e les Docs de Noirmoutier propose une th\u00e9matique autour de laquelle sont programm\u00e9es des \u0153uvres documentaires, des d\u00e9bats et des tables rondes. Pour cette deuxi\u00e8me \u00e9dition, l\u2019\u00e9quipe du festival a choisi le th\u00e8me : FAIRE M\u00c9MOIREla fabrique des r\u00e9cits collectifs Les \u0153uvres","og_url":"https:\/\/lesdocsdenoirmoutier.fr\/?p=2636","og_site_name":"Les Docs de Noirmoutier","article_publisher":"https:\/\/www.facebook.com\/lesdocsdenoirmoutier","article_published_time":"2022-03-19T12:18:21+00:00","article_modified_time":"2022-08-11T17:05:09+00:00","og_image":[{"width":683,"height":1024,"url":"https:\/\/lesdocsdenoirmoutier.fr\/wp-content\/uploads\/2022\/03\/00027-1-683x1024.jpg","type":"image\/jpeg"}],"author":"admin4678","twitter_card":"summary_large_image","twitter_misc":{"\u00c9crit par":"admin4678","Dur\u00e9e de lecture estim\u00e9e":"4 minutes"},"schema":{"@context":"https:\/\/schema.org","@graph":[{"@type":"Article","@id":"https:\/\/lesdocsdenoirmoutier.fr\/?p=2636#article","isPartOf":{"@id":"https:\/\/lesdocsdenoirmoutier.fr\/?p=2636"},"author":{"name":"admin4678","@id":"https:\/\/lesdocsdenoirmoutier.fr\/#\/schema\/person\/3db3bf5ee73eb951ed24ea0d9e98627b"},"headline":"LA TH\u00c9MATIQUE DE LA DEUXI\u00c8ME \u00c9DITION D\u00c9VOIL\u00c9E !","datePublished":"2022-03-19T12:18:21+00:00","dateModified":"2022-08-11T17:05:09+00:00","mainEntityOfPage":{"@id":"https:\/\/lesdocsdenoirmoutier.fr\/?p=2636"},"wordCount":416,"commentCount":0,"publisher":{"@id":"https:\/\/lesdocsdenoirmoutier.fr\/#organization"},"image":{"@id":"https:\/\/lesdocsdenoirmoutier.fr\/?p=2636#primaryimage"},"thumbnailUrl":"https:\/\/lesdocsdenoirmoutier.fr\/wp-content\/uploads\/2022\/03\/00027-1.jpg","articleSection":["News"],"inLanguage":"fr-FR","potentialAction":[{"@type":"CommentAction","name":"Comment","target":["https:\/\/lesdocsdenoirmoutier.fr\/?p=2636#respond"]}]},{"@type":"WebPage","@id":"https:\/\/lesdocsdenoirmoutier.fr\/?p=2636","url":"https:\/\/lesdocsdenoirmoutier.fr\/?p=2636","name":"LA TH\u00c9MATIQUE DE LA DEUXI\u00c8ME \u00c9DITION D\u00c9VOIL\u00c9E ! - Les Docs de Noirmoutier","isPartOf":{"@id":"https:\/\/lesdocsdenoirmoutier.fr\/#website"},"primaryImageOfPage":{"@id":"https:\/\/lesdocsdenoirmoutier.fr\/?p=2636#primaryimage"},"image":{"@id":"https:\/\/lesdocsdenoirmoutier.fr\/?p=2636#primaryimage"},"thumbnailUrl":"https:\/\/lesdocsdenoirmoutier.fr\/wp-content\/uploads\/2022\/03\/00027-1.jpg","datePublished":"2022-03-19T12:18:21+00:00","dateModified":"2022-08-11T17:05:09+00:00","breadcrumb":{"@id":"https:\/\/lesdocsdenoirmoutier.fr\/?p=2636#breadcrumb"},"inLanguage":"fr-FR","potentialAction":[{"@type":"ReadAction","target":["https:\/\/lesdocsdenoirmoutier.fr\/?p=2636"]}]},{"@type":"ImageObject","inLanguage":"fr-FR","@id":"https:\/\/lesdocsdenoirmoutier.fr\/?p=2636#primaryimage","url":"https:\/\/lesdocsdenoirmoutier.fr\/wp-content\/uploads\/2022\/03\/00027-1.jpg","contentUrl":"https:\/\/lesdocsdenoirmoutier.fr\/wp-content\/uploads\/2022\/03\/00027-1.jpg","width":1600,"height":2400},{"@type":"BreadcrumbList","@id":"https:\/\/lesdocsdenoirmoutier.fr\/?p=2636#breadcrumb","itemListElement":[{"@type":"ListItem","position":1,"name":"Accueil","item":"https:\/\/lesdocsdenoirmoutier.fr\/"},{"@type":"ListItem","position":2,"name":"LA TH\u00c9MATIQUE DE LA DEUXI\u00c8ME \u00c9DITION D\u00c9VOIL\u00c9E !"}]},{"@type":"WebSite","@id":"https:\/\/lesdocsdenoirmoutier.fr\/#website","url":"https:\/\/lesdocsdenoirmoutier.fr\/","name":"Les Docs de Noirmoutier","description":"Festival de Documentaires sur l\u2019\u00eele de Noirmoutier","publisher":{"@id":"https:\/\/lesdocsdenoirmoutier.fr\/#organization"},"potentialAction":[{"@type":"SearchAction","target":{"@type":"EntryPoint","urlTemplate":"https:\/\/lesdocsdenoirmoutier.fr\/?s={search_term_string}"},"query-input":{"@type":"PropertyValueSpecification","valueRequired":true,"valueName":"search_term_string"}}],"inLanguage":"fr-FR"},{"@type":"Organization","@id":"https:\/\/lesdocsdenoirmoutier.fr\/#organization","name":"Les Docs de Noirmoutier","url":"https:\/\/lesdocsdenoirmoutier.fr\/","logo":{"@type":"ImageObject","inLanguage":"fr-FR","@id":"https:\/\/lesdocsdenoirmoutier.fr\/#\/schema\/logo\/image\/","url":"https:\/\/lesdocsdenoirmoutier.fr\/wp-content\/uploads\/2021\/05\/cropped-HD_LES-DOCS-DE-NOIRMOUTIERS_Logo_RVB_Fond-Clair-1.png","contentUrl":"https:\/\/lesdocsdenoirmoutier.fr\/wp-content\/uploads\/2021\/05\/cropped-HD_LES-DOCS-DE-NOIRMOUTIERS_Logo_RVB_Fond-Clair-1.png","width":7064,"height":3098,"caption":"Les Docs de Noirmoutier"},"image":{"@id":"https:\/\/lesdocsdenoirmoutier.fr\/#\/schema\/logo\/image\/"},"sameAs":["https:\/\/www.facebook.com\/lesdocsdenoirmoutier","https:\/\/www.instagram.com\/lesdocsdenoirmoutier\/"]},{"@type":"Person","@id":"https:\/\/lesdocsdenoirmoutier.fr\/#\/schema\/person\/3db3bf5ee73eb951ed24ea0d9e98627b","name":"admin4678","image":{"@type":"ImageObject","inLanguage":"fr-FR","@id":"https:\/\/secure.gravatar.com\/avatar\/b520d5e41659568023111d5686799beea5df4961a1859e2bae64da9391901a45?s=96&d=mm&r=g","url":"https:\/\/secure.gravatar.com\/avatar\/b520d5e41659568023111d5686799beea5df4961a1859e2bae64da9391901a45?s=96&d=mm&r=g","contentUrl":"https:\/\/secure.gravatar.com\/avatar\/b520d5e41659568023111d5686799beea5df4961a1859e2bae64da9391901a45?s=96&d=mm&r=g","caption":"admin4678"},"sameAs":["http:\/\/lesdocsdenoirmoutier.fr"],"url":"https:\/\/lesdocsdenoirmoutier.fr\/?author=1"}]}},"_links":{"self":[{"href":"https:\/\/lesdocsdenoirmoutier.fr\/index.php?rest_route=\/wp\/v2\/posts\/2636","targetHints":{"allow":["GET"]}}],"collection":[{"href":"https:\/\/lesdocsdenoirmoutier.fr\/index.php?rest_route=\/wp\/v2\/posts"}],"about":[{"href":"https:\/\/lesdocsdenoirmoutier.fr\/index.php?rest_route=\/wp\/v2\/types\/post"}],"author":[{"embeddable":true,"href":"https:\/\/lesdocsdenoirmoutier.fr\/index.php?rest_route=\/wp\/v2\/users\/1"}],"replies":[{"embeddable":true,"href":"https:\/\/lesdocsdenoirmoutier.fr\/index.php?rest_route=%2Fwp%2Fv2%2Fcomments&post=2636"}],"version-history":[{"count":68,"href":"https:\/\/lesdocsdenoirmoutier.fr\/index.php?rest_route=\/wp\/v2\/posts\/2636\/revisions"}],"predecessor-version":[{"id":3310,"href":"https:\/\/lesdocsdenoirmoutier.fr\/index.php?rest_route=\/wp\/v2\/posts\/2636\/revisions\/3310"}],"wp:featuredmedia":[{"embeddable":true,"href":"https:\/\/lesdocsdenoirmoutier.fr\/index.php?rest_route=\/wp\/v2\/media\/2638"}],"wp:attachment":[{"href":"https:\/\/lesdocsdenoirmoutier.fr\/index.php?rest_route=%2Fwp%2Fv2%2Fmedia&parent=2636"}],"wp:term":[{"taxonomy":"category","embeddable":true,"href":"https:\/\/lesdocsdenoirmoutier.fr\/index.php?rest_route=%2Fwp%2Fv2%2Fcategories&post=2636"},{"taxonomy":"post_tag","embeddable":true,"href":"https:\/\/lesdocsdenoirmoutier.fr\/index.php?rest_route=%2Fwp%2Fv2%2Ftags&post=2636"}],"curies":[{"name":"wp","href":"https:\/\/api.w.org\/{rel}","templated":true}]}}