{"id":3011,"date":"2022-08-09T19:35:53","date_gmt":"2022-08-09T17:35:53","guid":{"rendered":"http:\/\/lesdocsdenoirmoutier.fr\/?p=3011"},"modified":"2022-08-26T12:10:32","modified_gmt":"2022-08-26T10:10:32","slug":"une-jeunesse-allemande","status":"publish","type":"post","link":"https:\/\/lesdocsdenoirmoutier.fr\/?p=3011","title":{"rendered":"UNE JEUNESSE ALLEMANDE\u00a0"},"content":{"rendered":"\t\t<div data-elementor-type=\"wp-post\" data-elementor-id=\"3011\" class=\"elementor elementor-3011\" data-elementor-post-type=\"post\">\n\t\t\t\t\t\t<section class=\"elementor-section elementor-top-section elementor-element elementor-element-14f2c9af elementor-section-boxed elementor-section-height-default elementor-section-height-default\" data-id=\"14f2c9af\" data-element_type=\"section\">\n\t\t\t\t\t\t<div class=\"elementor-container elementor-column-gap-default\">\n\t\t\t\t\t<div class=\"elementor-column elementor-col-100 elementor-top-column elementor-element elementor-element-7fa18118\" data-id=\"7fa18118\" data-element_type=\"column\">\n\t\t\t<div class=\"elementor-widget-wrap elementor-element-populated\">\n\t\t\t\t\t\t<div class=\"elementor-element elementor-element-b834e16 elementor-widget elementor-widget-spacer\" data-id=\"b834e16\" data-element_type=\"widget\" data-widget_type=\"spacer.default\">\n\t\t\t\t<div class=\"elementor-widget-container\">\n\t\t\t\t\t\t\t<div class=\"elementor-spacer\">\n\t\t\t<div class=\"elementor-spacer-inner\"><\/div>\n\t\t<\/div>\n\t\t\t\t\t\t<\/div>\n\t\t\t\t<\/div>\n\t\t\t\t\t<\/div>\n\t\t<\/div>\n\t\t\t\t\t<\/div>\n\t\t<\/section>\n\t\t\t\t<section class=\"elementor-section elementor-top-section elementor-element elementor-element-562779d elementor-section-boxed elementor-section-height-default elementor-section-height-default\" data-id=\"562779d\" data-element_type=\"section\">\n\t\t\t\t\t\t<div class=\"elementor-container elementor-column-gap-default\">\n\t\t\t\t\t<div class=\"elementor-column elementor-col-100 elementor-top-column elementor-element elementor-element-a77ad60\" data-id=\"a77ad60\" data-element_type=\"column\" data-settings=\"{&quot;background_background&quot;:&quot;classic&quot;}\">\n\t\t\t<div class=\"elementor-widget-wrap elementor-element-populated\">\n\t\t\t\t\t\t<div class=\"elementor-element elementor-element-69474148 elementor-widget elementor-widget-heading\" data-id=\"69474148\" data-element_type=\"widget\" data-widget_type=\"heading.default\">\n\t\t\t\t<div class=\"elementor-widget-container\">\n\t\t\t\t\t<h2 class=\"elementor-heading-title elementor-size-default\">UNE JEUNESSE ALLEMANDE <\/h2>\t\t\t\t<\/div>\n\t\t\t\t<\/div>\n\t\t\t\t<div class=\"elementor-element elementor-element-69f33372 elementor-widget elementor-widget-text-editor\" data-id=\"69f33372\" data-element_type=\"widget\" data-widget_type=\"text-editor.default\">\n\t\t\t\t<div class=\"elementor-widget-container\">\n\t\t\t\t\t\t\t\t\tJean-Gabriel P\u00e9riot &#8211; 2015 &#8211; 93 minutes\t\t\t\t\t\t\t\t<\/div>\n\t\t\t\t<\/div>\n\t\t\t\t\t<\/div>\n\t\t<\/div>\n\t\t\t\t\t<\/div>\n\t\t<\/section>\n\t\t\t\t<section class=\"elementor-section elementor-top-section elementor-element elementor-element-4498af58 elementor-section-full_width elementor-section-height-default elementor-section-height-default\" data-id=\"4498af58\" data-element_type=\"section\">\n\t\t\t\t\t\t<div class=\"elementor-container elementor-column-gap-default\">\n\t\t\t\t\t<div class=\"elementor-column elementor-col-100 elementor-top-column elementor-element elementor-element-47d5e4ac\" data-id=\"47d5e4ac\" data-element_type=\"column\">\n\t\t\t<div class=\"elementor-widget-wrap elementor-element-populated\">\n\t\t\t\t\t\t<div class=\"elementor-element elementor-element-3ab46e4c elementor--h-position-center elementor--v-position-middle elementor-arrows-position-inside elementor-pagination-position-inside elementor-widget elementor-widget-slides\" data-id=\"3ab46e4c\" data-element_type=\"widget\" data-settings=\"{&quot;navigation&quot;:&quot;both&quot;,&quot;autoplay&quot;:&quot;yes&quot;,&quot;pause_on_hover&quot;:&quot;yes&quot;,&quot;pause_on_interaction&quot;:&quot;yes&quot;,&quot;autoplay_speed&quot;:5000,&quot;infinite&quot;:&quot;yes&quot;,&quot;transition&quot;:&quot;slide&quot;,&quot;transition_speed&quot;:500}\" data-widget_type=\"slides.default\">\n\t\t\t\t<div class=\"elementor-widget-container\">\n\t\t\t\t\t\t\t\t\t<div class=\"elementor-swiper\">\n\t\t\t\t\t<div class=\"elementor-slides-wrapper elementor-main-swiper swiper\" role=\"region\" aria-roledescription=\"carousel\" aria-label=\"Diapositives\" dir=\"ltr\" data-animation=\"\">\n\t\t\t\t<div class=\"swiper-wrapper elementor-slides\">\n\t\t\t\t\t\t\t\t\t\t<div class=\"elementor-repeater-item-a802511 swiper-slide\" role=\"group\" aria-roledescription=\"slide\"><div class=\"swiper-slide-bg\" role=\"img\"><\/div><div class=\"swiper-slide-inner\" ><div class=\"swiper-slide-contents\"><div class=\"elementor-slide-description\"> <\/div><\/div><\/div><\/div>\t\t\t\t<\/div>\n\t\t\t\t\t\t\t<\/div>\n\t\t\t\t<\/div>\n\t\t\t\t\t\t\t\t<\/div>\n\t\t\t\t<\/div>\n\t\t\t\t\t<\/div>\n\t\t<\/div>\n\t\t\t\t\t<\/div>\n\t\t<\/section>\n\t\t\t\t<section class=\"elementor-section elementor-top-section elementor-element elementor-element-476e2454 elementor-section-boxed elementor-section-height-default elementor-section-height-default\" data-id=\"476e2454\" data-element_type=\"section\">\n\t\t\t\t\t\t<div class=\"elementor-container elementor-column-gap-default\">\n\t\t\t\t\t<div class=\"elementor-column elementor-col-100 elementor-top-column elementor-element elementor-element-4363104\" data-id=\"4363104\" data-element_type=\"column\">\n\t\t\t<div class=\"elementor-widget-wrap elementor-element-populated\">\n\t\t\t\t\t\t<div class=\"elementor-element elementor-element-72cadc12 elementor-widget elementor-widget-text-editor\" data-id=\"72cadc12\" data-element_type=\"widget\" data-widget_type=\"text-editor.default\">\n\t\t\t\t<div class=\"elementor-widget-container\">\n\t\t\t\t\t\t\t\t\t<p class=\"p1\"><span class=\"s1\">La Fraction Arm\u00e9e Rouge (RAF), organisation d\u2019extr\u00eame gauche, \u00e9galement surnomm\u00e9e \u00ab la bande \u00e0 Baader \u00bb, op\u00e8re en Allemagne dans les ann\u00e9es 70. Devant l\u2019\u00e9chec de leur r\u00e9volte symbolique, ils se radicalisent dans une lutte arm\u00e9e.<\/span><\/p>\t\t\t\t\t\t\t\t<\/div>\n\t\t\t\t<\/div>\n\t\t\t\t\t<\/div>\n\t\t<\/div>\n\t\t\t\t\t<\/div>\n\t\t<\/section>\n\t\t\t\t<section class=\"elementor-section elementor-top-section elementor-element elementor-element-67ce0ae4 elementor-section-boxed elementor-section-height-default elementor-section-height-default\" data-id=\"67ce0ae4\" data-element_type=\"section\">\n\t\t\t\t\t\t<div class=\"elementor-container elementor-column-gap-default\">\n\t\t\t\t\t<div class=\"elementor-column elementor-col-50 elementor-top-column elementor-element elementor-element-bb87844\" data-id=\"bb87844\" data-element_type=\"column\">\n\t\t\t<div class=\"elementor-widget-wrap elementor-element-populated\">\n\t\t\t\t\t\t<div class=\"elementor-element elementor-element-789ef556 elementor-widget elementor-widget-heading\" data-id=\"789ef556\" data-element_type=\"widget\" data-widget_type=\"heading.default\">\n\t\t\t\t<div class=\"elementor-widget-container\">\n\t\t\t\t\t<h2 class=\"elementor-heading-title elementor-size-default\">Fiche technique<\/h2>\t\t\t\t<\/div>\n\t\t\t\t<\/div>\n\t\t\t\t<div class=\"elementor-element elementor-element-490bd393 elementor-widget elementor-widget-text-editor\" data-id=\"490bd393\" data-element_type=\"widget\" data-widget_type=\"text-editor.default\">\n\t\t\t\t<div class=\"elementor-widget-container\">\n\t\t\t\t\t\t\t\t\t<p class=\"p1\"><span class=\"s1\"><b>Titre original :<\/b> <\/span><span class=\"s2\">Une jeunesse allemande<\/span><\/p><p class=\"p2\"><span class=\"s2\"><b>Cin\u00e9aste(s) :<span class=\"Apple-converted-space\">\u00a0<\/span><\/b> Jean-Gabriel P\u00e9riot<\/span><\/p><p class=\"p2\"><span class=\"s2\"><b>Production :<\/b> Local film<\/span><\/p><p class=\"p2\"><span class=\"s2\"><b>Image<span class=\"Apple-converted-space\">\u00a0 <\/span>:<\/b> Archives<\/span><\/p><p class=\"p2\"><span class=\"s2\"><b>Son (montage) :<\/b> <\/span><span class=\"s3\">Etienne Curchod<\/span><\/p><p class=\"p2\"><span class=\"s2\"><b>Montage :<\/b><span class=\"Apple-converted-space\">\u00a0<\/span><b> <\/b>Jean-Gabriel P\u00e9riot<\/span><\/p><p class=\"p1\"><span class=\"s1\"><b>Musique originale :<\/b> <\/span><span class=\"s2\">Alan Mumenthaler, Xavier Thibault<\/span><\/p><p class=\"p2\"><span class=\"s2\"><b>Langue : <\/b>Fran\u00e7aise, allemande<\/span><\/p><p class=\"p2\"><span class=\"s2\"><b>Pays :<\/b> Allemagne, France<\/span><\/p>\t\t\t\t\t\t\t\t<\/div>\n\t\t\t\t<\/div>\n\t\t\t\t\t<\/div>\n\t\t<\/div>\n\t\t\t\t<div class=\"elementor-column elementor-col-50 elementor-top-column elementor-element elementor-element-643fbacf\" data-id=\"643fbacf\" data-element_type=\"column\">\n\t\t\t<div class=\"elementor-widget-wrap elementor-element-populated\">\n\t\t\t\t\t\t<div class=\"elementor-element elementor-element-19d813cc elementor-widget elementor-widget-text-editor\" data-id=\"19d813cc\" data-element_type=\"widget\" data-widget_type=\"text-editor.default\">\n\t\t\t\t<div class=\"elementor-widget-container\">\n\t\t\t\t\t\t\t\t\t<p><strong>ASSISTER \u00c0 LA PROJECTION<\/strong><\/p><p><a href=\"https:\/\/lesdocsdenoirmoutier.fr\/index.php\/infos-pratiques\/\"><img decoding=\"async\" class=\"emoji\" role=\"img\" draggable=\"false\" src=\"https:\/\/s.w.org\/images\/core\/emoji\/14.0.0\/svg\/1f4cd.svg\" alt=\"\ud83d\udccd\" \/> <\/a>Centre Culturel Les Salorges\u00a0<\/p><p>Vendredi 09 Sept 14h30<\/p>\t\t\t\t\t\t\t\t<\/div>\n\t\t\t\t<\/div>\n\t\t\t\t<div class=\"elementor-element elementor-element-3399e1d1 elementor-align-left elementor-widget elementor-widget-global elementor-global-1511 elementor-widget-button\" data-id=\"3399e1d1\" data-element_type=\"widget\" data-widget_type=\"button.default\">\n\t\t\t\t<div class=\"elementor-widget-container\">\n\t\t\t\t\t\t\t\t\t<div class=\"elementor-button-wrapper\">\n\t\t\t\t\t<a class=\"elementor-button elementor-button-link elementor-size-md\" href=\"https:\/\/www.helloasso.com\/associations\/23n85o\/evenements\/billeterie-les-docs-de-noirmoutier-2eme-edition\" target=\"_blank\">\n\t\t\t\t\t\t<span class=\"elementor-button-content-wrapper\">\n\t\t\t\t\t\t\t\t\t<span class=\"elementor-button-text\">R\u00c9SERVER<\/span>\n\t\t\t\t\t<\/span>\n\t\t\t\t\t<\/a>\n\t\t\t\t<\/div>\n\t\t\t\t\t\t\t\t<\/div>\n\t\t\t\t<\/div>\n\t\t\t\t\t<\/div>\n\t\t<\/div>\n\t\t\t\t\t<\/div>\n\t\t<\/section>\n\t\t\t\t<section class=\"elementor-section elementor-top-section elementor-element elementor-element-86d3db5 elementor-section-boxed elementor-section-height-default elementor-section-height-default\" data-id=\"86d3db5\" data-element_type=\"section\">\n\t\t\t\t\t\t<div class=\"elementor-container elementor-column-gap-default\">\n\t\t\t\t\t<div class=\"elementor-column elementor-col-100 elementor-top-column elementor-element elementor-element-925ba98\" data-id=\"925ba98\" data-element_type=\"column\">\n\t\t\t<div class=\"elementor-widget-wrap elementor-element-populated\">\n\t\t\t\t\t\t<div class=\"elementor-element elementor-element-3af4daf elementor-widget elementor-widget-spacer\" data-id=\"3af4daf\" data-element_type=\"widget\" data-widget_type=\"spacer.default\">\n\t\t\t\t<div class=\"elementor-widget-container\">\n\t\t\t\t\t\t\t<div class=\"elementor-spacer\">\n\t\t\t<div class=\"elementor-spacer-inner\"><\/div>\n\t\t<\/div>\n\t\t\t\t\t\t<\/div>\n\t\t\t\t<\/div>\n\t\t\t\t<div class=\"elementor-element elementor-element-299b770 elementor-widget__width-auto elementor-widget elementor-widget-heading\" data-id=\"299b770\" data-element_type=\"widget\" data-widget_type=\"heading.default\">\n\t\t\t\t<div class=\"elementor-widget-container\">\n\t\t\t\t\t<h2 class=\"elementor-heading-title elementor-size-default\"><a href=\"https:\/\/lesdocsdenoirmoutier.fr\/?page_id=220\">D\u00e9couvrir plus de films<\/a><\/h2>\t\t\t\t<\/div>\n\t\t\t\t<\/div>\n\t\t\t\t<div class=\"elementor-element elementor-element-4b71f4e elementor-grid-4 elementor-grid-tablet-2 elementor-grid-mobile-1 elementor-widget elementor-widget-portfolio\" data-id=\"4b71f4e\" data-element_type=\"widget\" data-settings=\"{&quot;columns&quot;:&quot;4&quot;,&quot;item_ratio&quot;:{&quot;unit&quot;:&quot;px&quot;,&quot;size&quot;:0.74,&quot;sizes&quot;:[]},&quot;row_gap&quot;:{&quot;unit&quot;:&quot;px&quot;,&quot;size&quot;:15,&quot;sizes&quot;:[]},&quot;columns_tablet&quot;:&quot;2&quot;,&quot;columns_mobile&quot;:&quot;1&quot;,&quot;item_gap&quot;:{&quot;unit&quot;:&quot;px&quot;,&quot;size&quot;:&quot;&quot;,&quot;sizes&quot;:[]}}\" data-widget_type=\"portfolio.default\">\n\t\t\t\t<div class=\"elementor-widget-container\">\n\t\t\t\t\t\t\t<div class=\"elementor-portfolio elementor-grid elementor-posts-container\">\n\t\t\t\t<article class=\"elementor-portfolio-item elementor-post  post-3425 post type-post status-publish format-standard has-post-thumbnail hentry category-films-documentaires-2022\">\n\t\t\t<a class=\"elementor-post__thumbnail__link\" href=\"https:\/\/lesdocsdenoirmoutier.fr\/?p=3425\">\n\t\t\t\t<div class=\"elementor-portfolio-item__img elementor-post__thumbnail\">\n\t\t\t<img fetchpriority=\"high\" decoding=\"async\" width=\"1401\" height=\"771\" src=\"https:\/\/lesdocsdenoirmoutier.fr\/wp-content\/uploads\/2022\/08\/200-000-fantomes_Periot_v2.png\" class=\"attachment-full size-full wp-image-2808\" alt=\"\" srcset=\"https:\/\/lesdocsdenoirmoutier.fr\/wp-content\/uploads\/2022\/08\/200-000-fantomes_Periot_v2.png 1401w, https:\/\/lesdocsdenoirmoutier.fr\/wp-content\/uploads\/2022\/08\/200-000-fantomes_Periot_v2-300x165.png 300w, https:\/\/lesdocsdenoirmoutier.fr\/wp-content\/uploads\/2022\/08\/200-000-fantomes_Periot_v2-1024x564.png 1024w, https:\/\/lesdocsdenoirmoutier.fr\/wp-content\/uploads\/2022\/08\/200-000-fantomes_Periot_v2-768x423.png 768w\" sizes=\"(max-width: 1401px) 100vw, 1401px\" \/>\t\t<\/div>\n\t\t\t\t<div class=\"elementor-portfolio-item__overlay\">\n\t\t\t\t<h3 class=\"elementor-portfolio-item__title\">\n\t\t200 000 FANTO\u0302MES\t\t<\/h3>\n\t\t\t\t<\/div>\n\t\t\t\t<\/a>\n\t\t<\/article>\n\t\t\t\t<article class=\"elementor-portfolio-item elementor-post  post-2843 post type-post status-publish format-standard has-post-thumbnail hentry category-films-documentaires-2022\">\n\t\t\t<a class=\"elementor-post__thumbnail__link\" href=\"https:\/\/lesdocsdenoirmoutier.fr\/?p=2843\">\n\t\t\t\t<div class=\"elementor-portfolio-item__img elementor-post__thumbnail\">\n\t\t\t<img decoding=\"async\" src=\"https:\/\/lesdocsdenoirmoutier.fr\/wp-content\/uploads\/2022\/08\/LISTEN_TO_THE_BEAT_OF_OUR_IMAGES_1.jpg\" class=\"attachment-full size-full wp-image-2844\" alt=\"\" \/>\t\t<\/div>\n\t\t\t\t<div class=\"elementor-portfolio-item__overlay\">\n\t\t\t\t<h3 class=\"elementor-portfolio-item__title\">\n\t\t\u00c9COUTEZ LE BATTEMENT DE NOS IMAGES\t\t<\/h3>\n\t\t\t\t<\/div>\n\t\t\t\t<\/a>\n\t\t<\/article>\n\t\t\t\t<article class=\"elementor-portfolio-item elementor-post  post-2856 post type-post status-publish format-standard has-post-thumbnail hentry category-films-documentaires-2022\">\n\t\t\t<a class=\"elementor-post__thumbnail__link\" href=\"https:\/\/lesdocsdenoirmoutier.fr\/?p=2856\">\n\t\t\t\t<div class=\"elementor-portfolio-item__img elementor-post__thumbnail\">\n\t\t\t<img decoding=\"async\" width=\"2560\" height=\"1440\" src=\"https:\/\/lesdocsdenoirmoutier.fr\/wp-content\/uploads\/2022\/08\/EN_ROUTE_POUR_LE_MILLIARD_1-scaled.jpg\" class=\"attachment-full size-full wp-image-2857\" alt=\"EN ROUTE POUR LE MILLIARD\" srcset=\"https:\/\/lesdocsdenoirmoutier.fr\/wp-content\/uploads\/2022\/08\/EN_ROUTE_POUR_LE_MILLIARD_1-scaled.jpg 2560w, https:\/\/lesdocsdenoirmoutier.fr\/wp-content\/uploads\/2022\/08\/EN_ROUTE_POUR_LE_MILLIARD_1-300x169.jpg 300w, https:\/\/lesdocsdenoirmoutier.fr\/wp-content\/uploads\/2022\/08\/EN_ROUTE_POUR_LE_MILLIARD_1-1024x576.jpg 1024w, https:\/\/lesdocsdenoirmoutier.fr\/wp-content\/uploads\/2022\/08\/EN_ROUTE_POUR_LE_MILLIARD_1-768x432.jpg 768w, https:\/\/lesdocsdenoirmoutier.fr\/wp-content\/uploads\/2022\/08\/EN_ROUTE_POUR_LE_MILLIARD_1-1536x864.jpg 1536w, https:\/\/lesdocsdenoirmoutier.fr\/wp-content\/uploads\/2022\/08\/EN_ROUTE_POUR_LE_MILLIARD_1-2048x1152.jpg 2048w\" sizes=\"(max-width: 2560px) 100vw, 2560px\" \/>\t\t<\/div>\n\t\t\t\t<div class=\"elementor-portfolio-item__overlay\">\n\t\t\t\t<h3 class=\"elementor-portfolio-item__title\">\n\t\tEN ROUTE POUR LE MILLIARD\t\t<\/h3>\n\t\t\t\t<\/div>\n\t\t\t\t<\/a>\n\t\t<\/article>\n\t\t\t\t<article class=\"elementor-portfolio-item elementor-post  post-2866 post type-post status-publish format-standard has-post-thumbnail hentry category-films-documentaires-2022\">\n\t\t\t<a class=\"elementor-post__thumbnail__link\" href=\"https:\/\/lesdocsdenoirmoutier.fr\/?p=2866\">\n\t\t\t\t<div class=\"elementor-portfolio-item__img elementor-post__thumbnail\">\n\t\t\t<img decoding=\"async\" width=\"1974\" height=\"1385\" src=\"https:\/\/lesdocsdenoirmoutier.fr\/wp-content\/uploads\/2022\/08\/Gbanga_tita_Knauff_v2.jpeg\" class=\"attachment-full size-full wp-image-2867\" alt=\"GBANGA TITA, LA CALEBASSE DE DIEU\" srcset=\"https:\/\/lesdocsdenoirmoutier.fr\/wp-content\/uploads\/2022\/08\/Gbanga_tita_Knauff_v2.jpeg 1974w, https:\/\/lesdocsdenoirmoutier.fr\/wp-content\/uploads\/2022\/08\/Gbanga_tita_Knauff_v2-300x210.jpeg 300w, https:\/\/lesdocsdenoirmoutier.fr\/wp-content\/uploads\/2022\/08\/Gbanga_tita_Knauff_v2-1024x718.jpeg 1024w, https:\/\/lesdocsdenoirmoutier.fr\/wp-content\/uploads\/2022\/08\/Gbanga_tita_Knauff_v2-768x539.jpeg 768w, https:\/\/lesdocsdenoirmoutier.fr\/wp-content\/uploads\/2022\/08\/Gbanga_tita_Knauff_v2-1536x1078.jpeg 1536w\" sizes=\"(max-width: 1974px) 100vw, 1974px\" \/>\t\t<\/div>\n\t\t\t\t<div class=\"elementor-portfolio-item__overlay\">\n\t\t\t\t<h3 class=\"elementor-portfolio-item__title\">\n\t\tGBANGA TITA, LA CALEBASSE DE DIEU\t\t<\/h3>\n\t\t\t\t<\/div>\n\t\t\t\t<\/a>\n\t\t<\/article>\n\t\t\t\t<\/div>\n\t\t\t\t\t\t<\/div>\n\t\t\t\t<\/div>\n\t\t\t\t\t<\/div>\n\t\t<\/div>\n\t\t\t\t\t<\/div>\n\t\t<\/section>\n\t\t\t\t<section class=\"elementor-section elementor-top-section elementor-element elementor-element-97f9948 elementor-section-boxed elementor-section-height-default elementor-section-height-default\" data-id=\"97f9948\" data-element_type=\"section\">\n\t\t\t\t\t\t<div class=\"elementor-container elementor-column-gap-default\">\n\t\t\t\t\t<div class=\"elementor-column elementor-col-100 elementor-top-column elementor-element elementor-element-4ea08342\" data-id=\"4ea08342\" data-element_type=\"column\">\n\t\t\t<div class=\"elementor-widget-wrap elementor-element-populated\">\n\t\t\t\t\t\t<div class=\"elementor-element elementor-element-48aaec9c elementor-grid-4 elementor-grid-tablet-2 elementor-grid-mobile-1 elementor-widget elementor-widget-portfolio\" data-id=\"48aaec9c\" data-element_type=\"widget\" data-settings=\"{&quot;columns&quot;:&quot;4&quot;,&quot;item_ratio&quot;:{&quot;unit&quot;:&quot;px&quot;,&quot;size&quot;:1,&quot;sizes&quot;:[]},&quot;columns_tablet&quot;:&quot;2&quot;,&quot;columns_mobile&quot;:&quot;1&quot;,&quot;item_gap&quot;:{&quot;unit&quot;:&quot;px&quot;,&quot;size&quot;:&quot;&quot;,&quot;sizes&quot;:[]},&quot;row_gap&quot;:{&quot;unit&quot;:&quot;px&quot;,&quot;size&quot;:&quot;&quot;,&quot;sizes&quot;:[]}}\" data-widget_type=\"portfolio.default\">\n\t\t\t\t<div class=\"elementor-widget-container\">\n\t\t\t\t\t\t\t<div class=\"elementor-portfolio elementor-grid elementor-posts-container\">\n\t\t\t\t<article class=\"elementor-portfolio-item elementor-post  post-220 page type-page status-publish hentry\">\n\t\t\t<a class=\"elementor-post__thumbnail__link\" href=\"https:\/\/lesdocsdenoirmoutier.fr\/?page_id=220\">\n\t\t\t\t<div class=\"elementor-portfolio-item__img elementor-post__thumbnail\">\n\t\t\t\t\t<\/div>\n\t\t\t\t<div class=\"elementor-portfolio-item__overlay\">\n\t\t\t\t<h3 class=\"elementor-portfolio-item__title\">\n\t\tFilms documentaires 2022\t\t<\/h3>\n\t\t\t\t<\/div>\n\t\t\t\t<\/a>\n\t\t<\/article>\n\t\t\t\t<\/div>\n\t\t\t\t\t\t<\/div>\n\t\t\t\t<\/div>\n\t\t\t\t\t<\/div>\n\t\t<\/div>\n\t\t\t\t\t<\/div>\n\t\t<\/section>\n\t\t\t\t<\/div>\n\t\t","protected":false},"excerpt":{"rendered":"<p>UNE JEUNESSE ALLEMANDE Jean-Gabriel P\u00e9riot &#8211; 2015 &#8211; 93 minutes La Fraction Arm\u00e9e Rouge (RAF), organisation d\u2019extr\u00eame gauche, \u00e9galement surnomm\u00e9e \u00ab la bande \u00e0 Baader \u00bb, op\u00e8re en Allemagne dans les ann\u00e9es 70. Devant l\u2019\u00e9chec de leur r\u00e9volte symbolique, ils se radicalisent dans une lutte arm\u00e9e. Fiche technique Titre original : Une jeunesse allemande Cin\u00e9aste(s)&#8230;<\/p>\n","protected":false},"author":1,"featured_media":3013,"comment_status":"closed","ping_status":"closed","sticky":false,"template":"elementor_header_footer","format":"standard","meta":{"_mo_disable_npp":"","_kad_post_transparent":"","_kad_post_title":"","_kad_post_layout":"","_kad_post_sidebar_id":"","_kad_post_content_style":"","_kad_post_vertical_padding":"","_kad_post_feature":"","_kad_post_feature_position":"","_kad_post_header":false,"_kad_post_footer":false,"footnotes":""},"categories":[17],"tags":[],"class_list":["post-3011","post","type-post","status-publish","format-standard","has-post-thumbnail","hentry","category-films-documentaires-2022"],"yoast_head":"<!-- This site is optimized with the Yoast SEO plugin v27.5 - https:\/\/yoast.com\/product\/yoast-seo-wordpress\/ -->\n<title>UNE JEUNESSE ALLEMANDE\u00a0 - Les Docs de Noirmoutier<\/title>\n<meta name=\"robots\" content=\"index, follow, max-snippet:-1, max-image-preview:large, max-video-preview:-1\" \/>\n<link rel=\"canonical\" href=\"https:\/\/lesdocsdenoirmoutier.fr\/?p=3011\" \/>\n<meta property=\"og:locale\" content=\"fr_FR\" \/>\n<meta property=\"og:type\" content=\"article\" \/>\n<meta property=\"og:title\" content=\"UNE JEUNESSE ALLEMANDE\u00a0 - Les Docs de Noirmoutier\" \/>\n<meta property=\"og:description\" content=\"UNE JEUNESSE ALLEMANDE Jean-Gabriel P\u00e9riot &#8211; 2015 &#8211; 93 minutes La Fraction Arm\u00e9e Rouge (RAF), organisation d\u2019extr\u00eame gauche, \u00e9galement surnomm\u00e9e \u00ab la bande \u00e0 Baader \u00bb, op\u00e8re en Allemagne dans les ann\u00e9es 70. Devant l\u2019\u00e9chec de leur r\u00e9volte symbolique, ils se radicalisent dans une lutte arm\u00e9e. Fiche technique Titre original : Une jeunesse allemande Cin\u00e9aste(s)...\" \/>\n<meta property=\"og:url\" content=\"https:\/\/lesdocsdenoirmoutier.fr\/?p=3011\" \/>\n<meta property=\"og:site_name\" content=\"Les Docs de Noirmoutier\" \/>\n<meta property=\"article:publisher\" content=\"https:\/\/www.facebook.com\/lesdocsdenoirmoutier\" \/>\n<meta property=\"article:published_time\" content=\"2022-08-09T17:35:53+00:00\" \/>\n<meta property=\"article:modified_time\" content=\"2022-08-26T10:10:32+00:00\" \/>\n<meta property=\"og:image\" content=\"https:\/\/lesdocsdenoirmoutier.fr\/wp-content\/uploads\/2022\/08\/une-jeunesse-allemande-3.jpg\" \/>\n\t<meta property=\"og:image:width\" content=\"1023\" \/>\n\t<meta property=\"og:image:height\" content=\"575\" \/>\n\t<meta property=\"og:image:type\" content=\"image\/jpeg\" \/>\n<meta name=\"author\" content=\"admin4678\" \/>\n<meta name=\"twitter:card\" content=\"summary_large_image\" \/>\n<meta name=\"twitter:label1\" content=\"\u00c9crit par\" \/>\n\t<meta name=\"twitter:data1\" content=\"admin4678\" \/>\n\t<meta name=\"twitter:label2\" content=\"Dur\u00e9e de lecture estim\u00e9e\" \/>\n\t<meta name=\"twitter:data2\" content=\"2 minutes\" \/>\n<script type=\"application\/ld+json\" class=\"yoast-schema-graph\">{\"@context\":\"https:\\\/\\\/schema.org\",\"@graph\":[{\"@type\":\"Article\",\"@id\":\"https:\\\/\\\/lesdocsdenoirmoutier.fr\\\/?p=3011#article\",\"isPartOf\":{\"@id\":\"https:\\\/\\\/lesdocsdenoirmoutier.fr\\\/?p=3011\"},\"author\":{\"name\":\"admin4678\",\"@id\":\"https:\\\/\\\/lesdocsdenoirmoutier.fr\\\/#\\\/schema\\\/person\\\/3db3bf5ee73eb951ed24ea0d9e98627b\"},\"headline\":\"UNE JEUNESSE ALLEMANDE\u00a0\",\"datePublished\":\"2022-08-09T17:35:53+00:00\",\"dateModified\":\"2022-08-26T10:10:32+00:00\",\"mainEntityOfPage\":{\"@id\":\"https:\\\/\\\/lesdocsdenoirmoutier.fr\\\/?p=3011\"},\"wordCount\":109,\"publisher\":{\"@id\":\"https:\\\/\\\/lesdocsdenoirmoutier.fr\\\/#organization\"},\"image\":{\"@id\":\"https:\\\/\\\/lesdocsdenoirmoutier.fr\\\/?p=3011#primaryimage\"},\"thumbnailUrl\":\"https:\\\/\\\/lesdocsdenoirmoutier.fr\\\/wp-content\\\/uploads\\\/2022\\\/08\\\/une-jeunesse-allemande-3.jpg\",\"articleSection\":[\"Films documentaires 2022\"],\"inLanguage\":\"fr-FR\"},{\"@type\":\"WebPage\",\"@id\":\"https:\\\/\\\/lesdocsdenoirmoutier.fr\\\/?p=3011\",\"url\":\"https:\\\/\\\/lesdocsdenoirmoutier.fr\\\/?p=3011\",\"name\":\"UNE JEUNESSE ALLEMANDE\u00a0 - Les Docs de Noirmoutier\",\"isPartOf\":{\"@id\":\"https:\\\/\\\/lesdocsdenoirmoutier.fr\\\/#website\"},\"primaryImageOfPage\":{\"@id\":\"https:\\\/\\\/lesdocsdenoirmoutier.fr\\\/?p=3011#primaryimage\"},\"image\":{\"@id\":\"https:\\\/\\\/lesdocsdenoirmoutier.fr\\\/?p=3011#primaryimage\"},\"thumbnailUrl\":\"https:\\\/\\\/lesdocsdenoirmoutier.fr\\\/wp-content\\\/uploads\\\/2022\\\/08\\\/une-jeunesse-allemande-3.jpg\",\"datePublished\":\"2022-08-09T17:35:53+00:00\",\"dateModified\":\"2022-08-26T10:10:32+00:00\",\"breadcrumb\":{\"@id\":\"https:\\\/\\\/lesdocsdenoirmoutier.fr\\\/?p=3011#breadcrumb\"},\"inLanguage\":\"fr-FR\",\"potentialAction\":[{\"@type\":\"ReadAction\",\"target\":[\"https:\\\/\\\/lesdocsdenoirmoutier.fr\\\/?p=3011\"]}]},{\"@type\":\"ImageObject\",\"inLanguage\":\"fr-FR\",\"@id\":\"https:\\\/\\\/lesdocsdenoirmoutier.fr\\\/?p=3011#primaryimage\",\"url\":\"https:\\\/\\\/lesdocsdenoirmoutier.fr\\\/wp-content\\\/uploads\\\/2022\\\/08\\\/une-jeunesse-allemande-3.jpg\",\"contentUrl\":\"https:\\\/\\\/lesdocsdenoirmoutier.fr\\\/wp-content\\\/uploads\\\/2022\\\/08\\\/une-jeunesse-allemande-3.jpg\",\"width\":1023,\"height\":575,\"caption\":\"UNE JEUNESSE ALLEMANDE\"},{\"@type\":\"BreadcrumbList\",\"@id\":\"https:\\\/\\\/lesdocsdenoirmoutier.fr\\\/?p=3011#breadcrumb\",\"itemListElement\":[{\"@type\":\"ListItem\",\"position\":1,\"name\":\"Accueil\",\"item\":\"https:\\\/\\\/lesdocsdenoirmoutier.fr\\\/\"},{\"@type\":\"ListItem\",\"position\":2,\"name\":\"UNE JEUNESSE ALLEMANDE\u00a0\"}]},{\"@type\":\"WebSite\",\"@id\":\"https:\\\/\\\/lesdocsdenoirmoutier.fr\\\/#website\",\"url\":\"https:\\\/\\\/lesdocsdenoirmoutier.fr\\\/\",\"name\":\"Les Docs de Noirmoutier\",\"description\":\"Festival de Documentaires sur l\u2019\u00eele de Noirmoutier\",\"publisher\":{\"@id\":\"https:\\\/\\\/lesdocsdenoirmoutier.fr\\\/#organization\"},\"potentialAction\":[{\"@type\":\"SearchAction\",\"target\":{\"@type\":\"EntryPoint\",\"urlTemplate\":\"https:\\\/\\\/lesdocsdenoirmoutier.fr\\\/?s={search_term_string}\"},\"query-input\":{\"@type\":\"PropertyValueSpecification\",\"valueRequired\":true,\"valueName\":\"search_term_string\"}}],\"inLanguage\":\"fr-FR\"},{\"@type\":\"Organization\",\"@id\":\"https:\\\/\\\/lesdocsdenoirmoutier.fr\\\/#organization\",\"name\":\"Les Docs de Noirmoutier\",\"url\":\"https:\\\/\\\/lesdocsdenoirmoutier.fr\\\/\",\"logo\":{\"@type\":\"ImageObject\",\"inLanguage\":\"fr-FR\",\"@id\":\"https:\\\/\\\/lesdocsdenoirmoutier.fr\\\/#\\\/schema\\\/logo\\\/image\\\/\",\"url\":\"https:\\\/\\\/lesdocsdenoirmoutier.fr\\\/wp-content\\\/uploads\\\/2021\\\/05\\\/cropped-HD_LES-DOCS-DE-NOIRMOUTIERS_Logo_RVB_Fond-Clair-1.png\",\"contentUrl\":\"https:\\\/\\\/lesdocsdenoirmoutier.fr\\\/wp-content\\\/uploads\\\/2021\\\/05\\\/cropped-HD_LES-DOCS-DE-NOIRMOUTIERS_Logo_RVB_Fond-Clair-1.png\",\"width\":7064,\"height\":3098,\"caption\":\"Les Docs de Noirmoutier\"},\"image\":{\"@id\":\"https:\\\/\\\/lesdocsdenoirmoutier.fr\\\/#\\\/schema\\\/logo\\\/image\\\/\"},\"sameAs\":[\"https:\\\/\\\/www.facebook.com\\\/lesdocsdenoirmoutier\",\"https:\\\/\\\/www.instagram.com\\\/lesdocsdenoirmoutier\\\/\"]},{\"@type\":\"Person\",\"@id\":\"https:\\\/\\\/lesdocsdenoirmoutier.fr\\\/#\\\/schema\\\/person\\\/3db3bf5ee73eb951ed24ea0d9e98627b\",\"name\":\"admin4678\",\"image\":{\"@type\":\"ImageObject\",\"inLanguage\":\"fr-FR\",\"@id\":\"https:\\\/\\\/secure.gravatar.com\\\/avatar\\\/b520d5e41659568023111d5686799beea5df4961a1859e2bae64da9391901a45?s=96&d=mm&r=g\",\"url\":\"https:\\\/\\\/secure.gravatar.com\\\/avatar\\\/b520d5e41659568023111d5686799beea5df4961a1859e2bae64da9391901a45?s=96&d=mm&r=g\",\"contentUrl\":\"https:\\\/\\\/secure.gravatar.com\\\/avatar\\\/b520d5e41659568023111d5686799beea5df4961a1859e2bae64da9391901a45?s=96&d=mm&r=g\",\"caption\":\"admin4678\"},\"sameAs\":[\"http:\\\/\\\/lesdocsdenoirmoutier.fr\"],\"url\":\"https:\\\/\\\/lesdocsdenoirmoutier.fr\\\/?author=1\"}]}<\/script>\n<!-- \/ Yoast SEO plugin. -->","yoast_head_json":{"title":"UNE JEUNESSE ALLEMANDE\u00a0 - Les Docs de Noirmoutier","robots":{"index":"index","follow":"follow","max-snippet":"max-snippet:-1","max-image-preview":"max-image-preview:large","max-video-preview":"max-video-preview:-1"},"canonical":"https:\/\/lesdocsdenoirmoutier.fr\/?p=3011","og_locale":"fr_FR","og_type":"article","og_title":"UNE JEUNESSE ALLEMANDE\u00a0 - Les Docs de Noirmoutier","og_description":"UNE JEUNESSE ALLEMANDE Jean-Gabriel P\u00e9riot &#8211; 2015 &#8211; 93 minutes La Fraction Arm\u00e9e Rouge (RAF), organisation d\u2019extr\u00eame gauche, \u00e9galement surnomm\u00e9e \u00ab la bande \u00e0 Baader \u00bb, op\u00e8re en Allemagne dans les ann\u00e9es 70. Devant l\u2019\u00e9chec de leur r\u00e9volte symbolique, ils se radicalisent dans une lutte arm\u00e9e. Fiche technique Titre original : Une jeunesse allemande Cin\u00e9aste(s)...","og_url":"https:\/\/lesdocsdenoirmoutier.fr\/?p=3011","og_site_name":"Les Docs de Noirmoutier","article_publisher":"https:\/\/www.facebook.com\/lesdocsdenoirmoutier","article_published_time":"2022-08-09T17:35:53+00:00","article_modified_time":"2022-08-26T10:10:32+00:00","og_image":[{"width":1023,"height":575,"url":"https:\/\/lesdocsdenoirmoutier.fr\/wp-content\/uploads\/2022\/08\/une-jeunesse-allemande-3.jpg","type":"image\/jpeg"}],"author":"admin4678","twitter_card":"summary_large_image","twitter_misc":{"\u00c9crit par":"admin4678","Dur\u00e9e de lecture estim\u00e9e":"2 minutes"},"schema":{"@context":"https:\/\/schema.org","@graph":[{"@type":"Article","@id":"https:\/\/lesdocsdenoirmoutier.fr\/?p=3011#article","isPartOf":{"@id":"https:\/\/lesdocsdenoirmoutier.fr\/?p=3011"},"author":{"name":"admin4678","@id":"https:\/\/lesdocsdenoirmoutier.fr\/#\/schema\/person\/3db3bf5ee73eb951ed24ea0d9e98627b"},"headline":"UNE JEUNESSE ALLEMANDE\u00a0","datePublished":"2022-08-09T17:35:53+00:00","dateModified":"2022-08-26T10:10:32+00:00","mainEntityOfPage":{"@id":"https:\/\/lesdocsdenoirmoutier.fr\/?p=3011"},"wordCount":109,"publisher":{"@id":"https:\/\/lesdocsdenoirmoutier.fr\/#organization"},"image":{"@id":"https:\/\/lesdocsdenoirmoutier.fr\/?p=3011#primaryimage"},"thumbnailUrl":"https:\/\/lesdocsdenoirmoutier.fr\/wp-content\/uploads\/2022\/08\/une-jeunesse-allemande-3.jpg","articleSection":["Films documentaires 2022"],"inLanguage":"fr-FR"},{"@type":"WebPage","@id":"https:\/\/lesdocsdenoirmoutier.fr\/?p=3011","url":"https:\/\/lesdocsdenoirmoutier.fr\/?p=3011","name":"UNE JEUNESSE ALLEMANDE\u00a0 - Les Docs de Noirmoutier","isPartOf":{"@id":"https:\/\/lesdocsdenoirmoutier.fr\/#website"},"primaryImageOfPage":{"@id":"https:\/\/lesdocsdenoirmoutier.fr\/?p=3011#primaryimage"},"image":{"@id":"https:\/\/lesdocsdenoirmoutier.fr\/?p=3011#primaryimage"},"thumbnailUrl":"https:\/\/lesdocsdenoirmoutier.fr\/wp-content\/uploads\/2022\/08\/une-jeunesse-allemande-3.jpg","datePublished":"2022-08-09T17:35:53+00:00","dateModified":"2022-08-26T10:10:32+00:00","breadcrumb":{"@id":"https:\/\/lesdocsdenoirmoutier.fr\/?p=3011#breadcrumb"},"inLanguage":"fr-FR","potentialAction":[{"@type":"ReadAction","target":["https:\/\/lesdocsdenoirmoutier.fr\/?p=3011"]}]},{"@type":"ImageObject","inLanguage":"fr-FR","@id":"https:\/\/lesdocsdenoirmoutier.fr\/?p=3011#primaryimage","url":"https:\/\/lesdocsdenoirmoutier.fr\/wp-content\/uploads\/2022\/08\/une-jeunesse-allemande-3.jpg","contentUrl":"https:\/\/lesdocsdenoirmoutier.fr\/wp-content\/uploads\/2022\/08\/une-jeunesse-allemande-3.jpg","width":1023,"height":575,"caption":"UNE JEUNESSE ALLEMANDE"},{"@type":"BreadcrumbList","@id":"https:\/\/lesdocsdenoirmoutier.fr\/?p=3011#breadcrumb","itemListElement":[{"@type":"ListItem","position":1,"name":"Accueil","item":"https:\/\/lesdocsdenoirmoutier.fr\/"},{"@type":"ListItem","position":2,"name":"UNE JEUNESSE ALLEMANDE\u00a0"}]},{"@type":"WebSite","@id":"https:\/\/lesdocsdenoirmoutier.fr\/#website","url":"https:\/\/lesdocsdenoirmoutier.fr\/","name":"Les Docs de Noirmoutier","description":"Festival de Documentaires sur l\u2019\u00eele de Noirmoutier","publisher":{"@id":"https:\/\/lesdocsdenoirmoutier.fr\/#organization"},"potentialAction":[{"@type":"SearchAction","target":{"@type":"EntryPoint","urlTemplate":"https:\/\/lesdocsdenoirmoutier.fr\/?s={search_term_string}"},"query-input":{"@type":"PropertyValueSpecification","valueRequired":true,"valueName":"search_term_string"}}],"inLanguage":"fr-FR"},{"@type":"Organization","@id":"https:\/\/lesdocsdenoirmoutier.fr\/#organization","name":"Les Docs de Noirmoutier","url":"https:\/\/lesdocsdenoirmoutier.fr\/","logo":{"@type":"ImageObject","inLanguage":"fr-FR","@id":"https:\/\/lesdocsdenoirmoutier.fr\/#\/schema\/logo\/image\/","url":"https:\/\/lesdocsdenoirmoutier.fr\/wp-content\/uploads\/2021\/05\/cropped-HD_LES-DOCS-DE-NOIRMOUTIERS_Logo_RVB_Fond-Clair-1.png","contentUrl":"https:\/\/lesdocsdenoirmoutier.fr\/wp-content\/uploads\/2021\/05\/cropped-HD_LES-DOCS-DE-NOIRMOUTIERS_Logo_RVB_Fond-Clair-1.png","width":7064,"height":3098,"caption":"Les Docs de Noirmoutier"},"image":{"@id":"https:\/\/lesdocsdenoirmoutier.fr\/#\/schema\/logo\/image\/"},"sameAs":["https:\/\/www.facebook.com\/lesdocsdenoirmoutier","https:\/\/www.instagram.com\/lesdocsdenoirmoutier\/"]},{"@type":"Person","@id":"https:\/\/lesdocsdenoirmoutier.fr\/#\/schema\/person\/3db3bf5ee73eb951ed24ea0d9e98627b","name":"admin4678","image":{"@type":"ImageObject","inLanguage":"fr-FR","@id":"https:\/\/secure.gravatar.com\/avatar\/b520d5e41659568023111d5686799beea5df4961a1859e2bae64da9391901a45?s=96&d=mm&r=g","url":"https:\/\/secure.gravatar.com\/avatar\/b520d5e41659568023111d5686799beea5df4961a1859e2bae64da9391901a45?s=96&d=mm&r=g","contentUrl":"https:\/\/secure.gravatar.com\/avatar\/b520d5e41659568023111d5686799beea5df4961a1859e2bae64da9391901a45?s=96&d=mm&r=g","caption":"admin4678"},"sameAs":["http:\/\/lesdocsdenoirmoutier.fr"],"url":"https:\/\/lesdocsdenoirmoutier.fr\/?author=1"}]}},"_links":{"self":[{"href":"https:\/\/lesdocsdenoirmoutier.fr\/index.php?rest_route=\/wp\/v2\/posts\/3011","targetHints":{"allow":["GET"]}}],"collection":[{"href":"https:\/\/lesdocsdenoirmoutier.fr\/index.php?rest_route=\/wp\/v2\/posts"}],"about":[{"href":"https:\/\/lesdocsdenoirmoutier.fr\/index.php?rest_route=\/wp\/v2\/types\/post"}],"author":[{"embeddable":true,"href":"https:\/\/lesdocsdenoirmoutier.fr\/index.php?rest_route=\/wp\/v2\/users\/1"}],"replies":[{"embeddable":true,"href":"https:\/\/lesdocsdenoirmoutier.fr\/index.php?rest_route=%2Fwp%2Fv2%2Fcomments&post=3011"}],"version-history":[{"count":17,"href":"https:\/\/lesdocsdenoirmoutier.fr\/index.php?rest_route=\/wp\/v2\/posts\/3011\/revisions"}],"predecessor-version":[{"id":3642,"href":"https:\/\/lesdocsdenoirmoutier.fr\/index.php?rest_route=\/wp\/v2\/posts\/3011\/revisions\/3642"}],"wp:featuredmedia":[{"embeddable":true,"href":"https:\/\/lesdocsdenoirmoutier.fr\/index.php?rest_route=\/wp\/v2\/media\/3013"}],"wp:attachment":[{"href":"https:\/\/lesdocsdenoirmoutier.fr\/index.php?rest_route=%2Fwp%2Fv2%2Fmedia&parent=3011"}],"wp:term":[{"taxonomy":"category","embeddable":true,"href":"https:\/\/lesdocsdenoirmoutier.fr\/index.php?rest_route=%2Fwp%2Fv2%2Fcategories&post=3011"},{"taxonomy":"post_tag","embeddable":true,"href":"https:\/\/lesdocsdenoirmoutier.fr\/index.php?rest_route=%2Fwp%2Fv2%2Ftags&post=3011"}],"curies":[{"name":"wp","href":"https:\/\/api.w.org\/{rel}","templated":true}]}}