{"id":3025,"date":"2022-08-09T19:29:29","date_gmt":"2022-08-09T17:29:29","guid":{"rendered":"http:\/\/lesdocsdenoirmoutier.fr\/?p=3025"},"modified":"2022-08-26T12:40:23","modified_gmt":"2022-08-26T10:40:23","slug":"donc-nous-avons-decide-de-manifester","status":"publish","type":"post","link":"https:\/\/lesdocsdenoirmoutier.fr\/?p=3025","title":{"rendered":"DONC NOUS AVONS D\u00c9CID\u00c9 DE MANIFESTER"},"content":{"rendered":"\t\t<div data-elementor-type=\"wp-post\" data-elementor-id=\"3025\" class=\"elementor elementor-3025\" data-elementor-post-type=\"post\">\n\t\t\t\t\t\t<section class=\"elementor-section elementor-top-section elementor-element elementor-element-5b84ff02 elementor-section-boxed elementor-section-height-default elementor-section-height-default\" data-id=\"5b84ff02\" data-element_type=\"section\">\n\t\t\t\t\t\t<div class=\"elementor-container elementor-column-gap-default\">\n\t\t\t\t\t<div class=\"elementor-column elementor-col-100 elementor-top-column elementor-element elementor-element-1f74e707\" data-id=\"1f74e707\" data-element_type=\"column\">\n\t\t\t<div class=\"elementor-widget-wrap elementor-element-populated\">\n\t\t\t\t\t\t<div class=\"elementor-element elementor-element-6ecb8ea1 elementor-widget elementor-widget-spacer\" data-id=\"6ecb8ea1\" data-element_type=\"widget\" data-widget_type=\"spacer.default\">\n\t\t\t\t<div class=\"elementor-widget-container\">\n\t\t\t\t\t\t\t<div class=\"elementor-spacer\">\n\t\t\t<div class=\"elementor-spacer-inner\"><\/div>\n\t\t<\/div>\n\t\t\t\t\t\t<\/div>\n\t\t\t\t<\/div>\n\t\t\t\t\t<\/div>\n\t\t<\/div>\n\t\t\t\t\t<\/div>\n\t\t<\/section>\n\t\t\t\t<section class=\"elementor-section elementor-top-section elementor-element elementor-element-7ae2358f elementor-section-boxed elementor-section-height-default elementor-section-height-default\" data-id=\"7ae2358f\" data-element_type=\"section\">\n\t\t\t\t\t\t<div class=\"elementor-container elementor-column-gap-default\">\n\t\t\t\t\t<div class=\"elementor-column elementor-col-100 elementor-top-column elementor-element elementor-element-77a831c9\" data-id=\"77a831c9\" data-element_type=\"column\" data-settings=\"{&quot;background_background&quot;:&quot;classic&quot;}\">\n\t\t\t<div class=\"elementor-widget-wrap elementor-element-populated\">\n\t\t\t\t\t\t<div class=\"elementor-element elementor-element-1116ff04 elementor-widget elementor-widget-heading\" data-id=\"1116ff04\" data-element_type=\"widget\" data-widget_type=\"heading.default\">\n\t\t\t\t<div class=\"elementor-widget-container\">\n\t\t\t\t\t<h2 class=\"elementor-heading-title elementor-size-default\">DONC NOUS AVONS D\u00c9CID\u00c9 DE MANIFESTER<\/h2>\t\t\t\t<\/div>\n\t\t\t\t<\/div>\n\t\t\t\t<div class=\"elementor-element elementor-element-5a7091d4 elementor-widget elementor-widget-text-editor\" data-id=\"5a7091d4\" data-element_type=\"widget\" data-widget_type=\"text-editor.default\">\n\t\t\t\t<div class=\"elementor-widget-container\">\n\t\t\t\t\t\t\t\t\tEmmanuelle Tornero &#8211; 2018 &#8211; 11 minutes\t\t\t\t\t\t\t\t<\/div>\n\t\t\t\t<\/div>\n\t\t\t\t\t<\/div>\n\t\t<\/div>\n\t\t\t\t\t<\/div>\n\t\t<\/section>\n\t\t\t\t<section class=\"elementor-section elementor-top-section elementor-element elementor-element-27edf4f2 elementor-section-full_width elementor-section-height-default elementor-section-height-default\" data-id=\"27edf4f2\" data-element_type=\"section\">\n\t\t\t\t\t\t<div class=\"elementor-container elementor-column-gap-default\">\n\t\t\t\t\t<div class=\"elementor-column elementor-col-100 elementor-top-column elementor-element elementor-element-4b6de62\" data-id=\"4b6de62\" data-element_type=\"column\">\n\t\t\t<div class=\"elementor-widget-wrap elementor-element-populated\">\n\t\t\t\t\t\t<div class=\"elementor-element elementor-element-64f4f1f7 elementor--h-position-center elementor--v-position-middle elementor-arrows-position-inside elementor-pagination-position-inside elementor-widget elementor-widget-slides\" data-id=\"64f4f1f7\" data-element_type=\"widget\" data-settings=\"{&quot;navigation&quot;:&quot;both&quot;,&quot;autoplay&quot;:&quot;yes&quot;,&quot;pause_on_hover&quot;:&quot;yes&quot;,&quot;pause_on_interaction&quot;:&quot;yes&quot;,&quot;autoplay_speed&quot;:5000,&quot;infinite&quot;:&quot;yes&quot;,&quot;transition&quot;:&quot;slide&quot;,&quot;transition_speed&quot;:500}\" data-widget_type=\"slides.default\">\n\t\t\t\t<div class=\"elementor-widget-container\">\n\t\t\t\t\t\t\t\t\t<div class=\"elementor-swiper\">\n\t\t\t\t\t<div class=\"elementor-slides-wrapper elementor-main-swiper swiper\" role=\"region\" aria-roledescription=\"carousel\" aria-label=\"Diapositives\" dir=\"ltr\" data-animation=\"\">\n\t\t\t\t<div class=\"swiper-wrapper elementor-slides\">\n\t\t\t\t\t\t\t\t\t\t<div class=\"elementor-repeater-item-a802511 swiper-slide\" role=\"group\" aria-roledescription=\"slide\"><div class=\"swiper-slide-bg\" role=\"img\"><\/div><div class=\"swiper-slide-inner\" ><div class=\"swiper-slide-contents\"><\/div><\/div><\/div>\t\t\t\t<\/div>\n\t\t\t\t\t\t\t<\/div>\n\t\t\t\t<\/div>\n\t\t\t\t\t\t\t\t<\/div>\n\t\t\t\t<\/div>\n\t\t\t\t\t<\/div>\n\t\t<\/div>\n\t\t\t\t\t<\/div>\n\t\t<\/section>\n\t\t\t\t<section class=\"elementor-section elementor-top-section elementor-element elementor-element-3ba42ad4 elementor-section-boxed elementor-section-height-default elementor-section-height-default\" data-id=\"3ba42ad4\" data-element_type=\"section\">\n\t\t\t\t\t\t<div class=\"elementor-container elementor-column-gap-default\">\n\t\t\t\t\t<div class=\"elementor-column elementor-col-100 elementor-top-column elementor-element elementor-element-3abe9cdd\" data-id=\"3abe9cdd\" data-element_type=\"column\">\n\t\t\t<div class=\"elementor-widget-wrap elementor-element-populated\">\n\t\t\t\t\t\t<div class=\"elementor-element elementor-element-23b44bde elementor-widget elementor-widget-text-editor\" data-id=\"23b44bde\" data-element_type=\"widget\" data-widget_type=\"text-editor.default\">\n\t\t\t\t<div class=\"elementor-widget-container\">\n\t\t\t\t\t\t\t\t\t<p><span style=\"font-weight: 400;\">8 f\u00e9vrier 1962 : la guerre d\u2019Alg\u00e9rie et l\u2019OAS font encore rage. \u00c9tat d\u2019urgence oblige, les manifestations sont interdites. \u00c0 Paris, ce soir-l\u00e0, on manifeste quand m\u00eame jusqu&rsquo;au m\u00e9tro Charonne. Et quand on croit avoir fini, c\u2019est l\u00e0 que la course tragique commence.<\/span><\/p>\t\t\t\t\t\t\t\t<\/div>\n\t\t\t\t<\/div>\n\t\t\t\t\t<\/div>\n\t\t<\/div>\n\t\t\t\t\t<\/div>\n\t\t<\/section>\n\t\t\t\t<section class=\"elementor-section elementor-top-section elementor-element elementor-element-4d7dad11 elementor-section-boxed elementor-section-height-default elementor-section-height-default\" data-id=\"4d7dad11\" data-element_type=\"section\">\n\t\t\t\t\t\t<div class=\"elementor-container elementor-column-gap-default\">\n\t\t\t\t\t<div class=\"elementor-column elementor-col-100 elementor-top-column elementor-element elementor-element-90c3752\" data-id=\"90c3752\" data-element_type=\"column\">\n\t\t\t<div class=\"elementor-widget-wrap elementor-element-populated\">\n\t\t\t\t\t\t<div class=\"elementor-element elementor-element-2c4fc25c elementor-widget elementor-widget-text-editor\" data-id=\"2c4fc25c\" data-element_type=\"widget\" data-widget_type=\"text-editor.default\">\n\t\t\t\t<div class=\"elementor-widget-container\">\n\t\t\t\t\t\t\t\t\t<p><strong>ASSISTER \u00c0 LA S\u00c9ANCE<\/strong><\/p><p><a href=\"https:\/\/lesdocsdenoirmoutier.fr\/index.php\/infos-pratiques\/\"><img decoding=\"async\" class=\"emoji\" role=\"img\" draggable=\"false\" src=\"https:\/\/s.w.org\/images\/core\/emoji\/14.0.0\/svg\/1f4cd.svg\" alt=\"\ud83d\udccd\" \/> <\/a>Galerie Georges Bessi\u00e8re<\/p><p>Du Jeudi 08 au Samedi 10 Sept 14h30<\/p>\t\t\t\t\t\t\t\t<\/div>\n\t\t\t\t<\/div>\n\t\t\t\t<div class=\"elementor-element elementor-element-288cc87b elementor-align-left elementor-widget elementor-widget-global elementor-global-1511 elementor-widget-button\" data-id=\"288cc87b\" data-element_type=\"widget\" data-widget_type=\"button.default\">\n\t\t\t\t<div class=\"elementor-widget-container\">\n\t\t\t\t\t\t\t\t\t<div class=\"elementor-button-wrapper\">\n\t\t\t\t\t<a class=\"elementor-button elementor-button-link elementor-size-md\" href=\"https:\/\/www.helloasso.com\/associations\/23n85o\/evenements\/billeterie-les-docs-de-noirmoutier-2eme-edition\" target=\"_blank\">\n\t\t\t\t\t\t<span class=\"elementor-button-content-wrapper\">\n\t\t\t\t\t\t\t\t\t<span class=\"elementor-button-text\">R\u00c9SERVER<\/span>\n\t\t\t\t\t<\/span>\n\t\t\t\t\t<\/a>\n\t\t\t\t<\/div>\n\t\t\t\t\t\t\t\t<\/div>\n\t\t\t\t<\/div>\n\t\t\t\t\t<\/div>\n\t\t<\/div>\n\t\t\t\t\t<\/div>\n\t\t<\/section>\n\t\t\t\t<section class=\"elementor-section elementor-top-section elementor-element elementor-element-5e64d13a elementor-section-boxed elementor-section-height-default elementor-section-height-default\" data-id=\"5e64d13a\" data-element_type=\"section\">\n\t\t\t\t\t\t<div class=\"elementor-container elementor-column-gap-default\">\n\t\t\t\t\t<div class=\"elementor-column elementor-col-100 elementor-top-column elementor-element elementor-element-b89f1cf\" data-id=\"b89f1cf\" data-element_type=\"column\">\n\t\t\t<div class=\"elementor-widget-wrap elementor-element-populated\">\n\t\t\t\t\t\t\t<\/div>\n\t\t<\/div>\n\t\t\t\t\t<\/div>\n\t\t<\/section>\n\t\t\t\t<section class=\"elementor-section elementor-top-section elementor-element elementor-element-0bc919d elementor-section-boxed elementor-section-height-default elementor-section-height-default\" data-id=\"0bc919d\" data-element_type=\"section\">\n\t\t\t\t\t\t<div class=\"elementor-container elementor-column-gap-default\">\n\t\t\t\t\t<div class=\"elementor-column elementor-col-100 elementor-top-column elementor-element elementor-element-41d4819\" data-id=\"41d4819\" data-element_type=\"column\">\n\t\t\t<div class=\"elementor-widget-wrap elementor-element-populated\">\n\t\t\t\t\t\t<div class=\"elementor-element elementor-element-2757e85 elementor-widget elementor-widget-heading\" data-id=\"2757e85\" data-element_type=\"widget\" data-widget_type=\"heading.default\">\n\t\t\t\t<div class=\"elementor-widget-container\">\n\t\t\t\t\t<h2 class=\"elementor-heading-title elementor-size-default\"><a href=\"https:\/\/lesdocsdenoirmoutier.fr\/?page_id=221\">D\u00e9couvrir plus de documentaires sonores<\/a><\/h2>\t\t\t\t<\/div>\n\t\t\t\t<\/div>\n\t\t\t\t<div class=\"elementor-element elementor-element-f48edf2 elementor-grid-4 elementor-grid-tablet-2 elementor-grid-mobile-1 elementor-widget elementor-widget-portfolio\" data-id=\"f48edf2\" data-element_type=\"widget\" data-settings=\"{&quot;columns&quot;:&quot;4&quot;,&quot;item_ratio&quot;:{&quot;unit&quot;:&quot;px&quot;,&quot;size&quot;:0.74,&quot;sizes&quot;:[]},&quot;row_gap&quot;:{&quot;unit&quot;:&quot;px&quot;,&quot;size&quot;:15,&quot;sizes&quot;:[]},&quot;columns_tablet&quot;:&quot;2&quot;,&quot;columns_mobile&quot;:&quot;1&quot;,&quot;item_gap&quot;:{&quot;unit&quot;:&quot;px&quot;,&quot;size&quot;:&quot;&quot;,&quot;sizes&quot;:[]}}\" data-widget_type=\"portfolio.default\">\n\t\t\t\t<div class=\"elementor-widget-container\">\n\t\t\t\t\t\t\t<div class=\"elementor-portfolio elementor-grid elementor-posts-container\">\n\t\t\t\t<article class=\"elementor-portfolio-item elementor-post  post-6732 post type-post status-publish format-standard has-post-thumbnail hentry category-docson26 tag-5-avril\">\n\t\t\t<a class=\"elementor-post__thumbnail__link\" href=\"https:\/\/lesdocsdenoirmoutier.fr\/?p=6732\">\n\t\t\t\t<div class=\"elementor-portfolio-item__img elementor-post__thumbnail\">\n\t\t\t<img fetchpriority=\"high\" decoding=\"async\" width=\"1885\" height=\"1160\" src=\"https:\/\/lesdocsdenoirmoutier.fr\/wp-content\/uploads\/2026\/03\/1.jpg\" class=\"attachment-full size-full wp-image-6735\" alt=\"\" srcset=\"https:\/\/lesdocsdenoirmoutier.fr\/wp-content\/uploads\/2026\/03\/1.jpg 1885w, https:\/\/lesdocsdenoirmoutier.fr\/wp-content\/uploads\/2026\/03\/1-300x185.jpg 300w, https:\/\/lesdocsdenoirmoutier.fr\/wp-content\/uploads\/2026\/03\/1-1024x630.jpg 1024w, https:\/\/lesdocsdenoirmoutier.fr\/wp-content\/uploads\/2026\/03\/1-768x473.jpg 768w, https:\/\/lesdocsdenoirmoutier.fr\/wp-content\/uploads\/2026\/03\/1-1536x945.jpg 1536w\" sizes=\"(max-width: 1885px) 100vw, 1885px\" \/>\t\t<\/div>\n\t\t\t\t<div class=\"elementor-portfolio-item__overlay\">\n\t\t\t\t<h3 class=\"elementor-portfolio-item__title\">\n\t\tMa petite explosion\t\t<\/h3>\n\t\t\t\t<\/div>\n\t\t\t\t<\/a>\n\t\t<\/article>\n\t\t\t\t<article class=\"elementor-portfolio-item elementor-post  post-6449 post type-post status-publish format-standard has-post-thumbnail hentry category-documentaires-sonores-2025 tag-19-avril\">\n\t\t\t<a class=\"elementor-post__thumbnail__link\" href=\"https:\/\/lesdocsdenoirmoutier.fr\/?p=6449\">\n\t\t\t\t<div class=\"elementor-portfolio-item__img elementor-post__thumbnail\">\n\t\t\t<img decoding=\"async\" width=\"2560\" height=\"1810\" src=\"https:\/\/lesdocsdenoirmoutier.fr\/wp-content\/uploads\/2025\/04\/VISUEL_Ouvrir-la-breche_CamilleFreychet_credit_acabisou-scaled-e1743775498353.jpg\" class=\"attachment-full size-full wp-image-6451\" alt=\"\" srcset=\"https:\/\/lesdocsdenoirmoutier.fr\/wp-content\/uploads\/2025\/04\/VISUEL_Ouvrir-la-breche_CamilleFreychet_credit_acabisou-scaled-e1743775498353.jpg 2560w, https:\/\/lesdocsdenoirmoutier.fr\/wp-content\/uploads\/2025\/04\/VISUEL_Ouvrir-la-breche_CamilleFreychet_credit_acabisou-scaled-e1743775498353-300x212.jpg 300w, https:\/\/lesdocsdenoirmoutier.fr\/wp-content\/uploads\/2025\/04\/VISUEL_Ouvrir-la-breche_CamilleFreychet_credit_acabisou-scaled-e1743775498353-1024x724.jpg 1024w, https:\/\/lesdocsdenoirmoutier.fr\/wp-content\/uploads\/2025\/04\/VISUEL_Ouvrir-la-breche_CamilleFreychet_credit_acabisou-scaled-e1743775498353-768x543.jpg 768w, https:\/\/lesdocsdenoirmoutier.fr\/wp-content\/uploads\/2025\/04\/VISUEL_Ouvrir-la-breche_CamilleFreychet_credit_acabisou-scaled-e1743775498353-1536x1086.jpg 1536w, https:\/\/lesdocsdenoirmoutier.fr\/wp-content\/uploads\/2025\/04\/VISUEL_Ouvrir-la-breche_CamilleFreychet_credit_acabisou-scaled-e1743775498353-2048x1448.jpg 2048w\" sizes=\"(max-width: 2560px) 100vw, 2560px\" \/>\t\t<\/div>\n\t\t\t\t<div class=\"elementor-portfolio-item__overlay\">\n\t\t\t\t<h3 class=\"elementor-portfolio-item__title\">\n\t\tOuvrir la br\u00e8che\t\t<\/h3>\n\t\t\t\t<\/div>\n\t\t\t\t<\/a>\n\t\t<\/article>\n\t\t\t\t<article class=\"elementor-portfolio-item elementor-post  post-6430 post type-post status-publish format-standard has-post-thumbnail hentry category-documentaires-sonores-2025 tag-18-avril\">\n\t\t\t<a class=\"elementor-post__thumbnail__link\" href=\"https:\/\/lesdocsdenoirmoutier.fr\/?p=6430\">\n\t\t\t\t<div class=\"elementor-portfolio-item__img elementor-post__thumbnail\">\n\t\t\t<img decoding=\"async\" width=\"2560\" height=\"1707\" src=\"https:\/\/lesdocsdenoirmoutier.fr\/wp-content\/uploads\/2025\/04\/2.-visuel-49\u00b000-SUD-scaled.jpg\" class=\"attachment-full size-full wp-image-6432\" alt=\"\" srcset=\"https:\/\/lesdocsdenoirmoutier.fr\/wp-content\/uploads\/2025\/04\/2.-visuel-49\u00b000-SUD-scaled.jpg 2560w, https:\/\/lesdocsdenoirmoutier.fr\/wp-content\/uploads\/2025\/04\/2.-visuel-49\u00b000-SUD-300x200.jpg 300w, https:\/\/lesdocsdenoirmoutier.fr\/wp-content\/uploads\/2025\/04\/2.-visuel-49\u00b000-SUD-1024x683.jpg 1024w, https:\/\/lesdocsdenoirmoutier.fr\/wp-content\/uploads\/2025\/04\/2.-visuel-49\u00b000-SUD-768x512.jpg 768w, https:\/\/lesdocsdenoirmoutier.fr\/wp-content\/uploads\/2025\/04\/2.-visuel-49\u00b000-SUD-1536x1024.jpg 1536w, https:\/\/lesdocsdenoirmoutier.fr\/wp-content\/uploads\/2025\/04\/2.-visuel-49\u00b000-SUD-2048x1365.jpg 2048w\" sizes=\"(max-width: 2560px) 100vw, 2560px\" \/>\t\t<\/div>\n\t\t\t\t<div class=\"elementor-portfolio-item__overlay\">\n\t\t\t\t<h3 class=\"elementor-portfolio-item__title\">\n\t\t49&rsquo;00 SUD &#8211; Voyage en terres australes et antarctiques\t\t<\/h3>\n\t\t\t\t<\/div>\n\t\t\t\t<\/a>\n\t\t<\/article>\n\t\t\t\t<article class=\"elementor-portfolio-item elementor-post  post-6414 post type-post status-publish format-standard has-post-thumbnail hentry category-films-documentaires-2025 tag-21-avril\">\n\t\t\t<a class=\"elementor-post__thumbnail__link\" href=\"https:\/\/lesdocsdenoirmoutier.fr\/?p=6414\">\n\t\t\t\t<div class=\"elementor-portfolio-item__img elementor-post__thumbnail\">\n\t\t\t<img loading=\"lazy\" decoding=\"async\" width=\"1280\" height=\"720\" src=\"https:\/\/lesdocsdenoirmoutier.fr\/wp-content\/uploads\/2025\/04\/GasolineRainbow.jpeg\" class=\"attachment-full size-full wp-image-6416\" alt=\"\" srcset=\"https:\/\/lesdocsdenoirmoutier.fr\/wp-content\/uploads\/2025\/04\/GasolineRainbow.jpeg 1280w, https:\/\/lesdocsdenoirmoutier.fr\/wp-content\/uploads\/2025\/04\/GasolineRainbow-300x169.jpeg 300w, https:\/\/lesdocsdenoirmoutier.fr\/wp-content\/uploads\/2025\/04\/GasolineRainbow-1024x576.jpeg 1024w, https:\/\/lesdocsdenoirmoutier.fr\/wp-content\/uploads\/2025\/04\/GasolineRainbow-768x432.jpeg 768w\" sizes=\"(max-width: 1280px) 100vw, 1280px\" \/>\t\t<\/div>\n\t\t\t\t<div class=\"elementor-portfolio-item__overlay\">\n\t\t\t\t<h3 class=\"elementor-portfolio-item__title\">\n\t\tGasoline Rainbow\t\t<\/h3>\n\t\t\t\t<\/div>\n\t\t\t\t<\/a>\n\t\t<\/article>\n\t\t\t\t<\/div>\n\t\t\t\t\t\t<\/div>\n\t\t\t\t<\/div>\n\t\t\t\t\t<\/div>\n\t\t<\/div>\n\t\t\t\t\t<\/div>\n\t\t<\/section>\n\t\t\t\t<\/div>\n\t\t","protected":false},"excerpt":{"rendered":"<p>DONC NOUS AVONS D\u00c9CID\u00c9 DE MANIFESTER Emmanuelle Tornero &#8211; 2018 &#8211; 11 minutes 8 f\u00e9vrier 1962 : la guerre d\u2019Alg\u00e9rie et l\u2019OAS font encore rage. \u00c9tat d\u2019urgence oblige, les manifestations sont interdites. \u00c0 Paris, ce soir-l\u00e0, on manifeste quand m\u00eame jusqu&rsquo;au m\u00e9tro Charonne. Et quand on croit avoir fini, c\u2019est l\u00e0 que la course tragique&#8230;<\/p>\n","protected":false},"author":1,"featured_media":3026,"comment_status":"closed","ping_status":"closed","sticky":false,"template":"elementor_header_footer","format":"standard","meta":{"_mo_disable_npp":"","_kad_post_transparent":"","_kad_post_title":"","_kad_post_layout":"","_kad_post_sidebar_id":"","_kad_post_content_style":"","_kad_post_vertical_padding":"","_kad_post_feature":"","_kad_post_feature_position":"","_kad_post_header":false,"_kad_post_footer":false,"footnotes":""},"categories":[18],"tags":[],"class_list":["post-3025","post","type-post","status-publish","format-standard","has-post-thumbnail","hentry","category-documentaires-sonores-2022"],"yoast_head":"<!-- This site is optimized with the Yoast SEO plugin v27.5 - https:\/\/yoast.com\/product\/yoast-seo-wordpress\/ -->\n<title>DONC NOUS AVONS D\u00c9CID\u00c9 DE MANIFESTER - Les Docs de Noirmoutier<\/title>\n<meta name=\"robots\" content=\"index, follow, max-snippet:-1, max-image-preview:large, max-video-preview:-1\" \/>\n<link rel=\"canonical\" href=\"https:\/\/lesdocsdenoirmoutier.fr\/?p=3025\" \/>\n<meta property=\"og:locale\" content=\"fr_FR\" \/>\n<meta property=\"og:type\" content=\"article\" \/>\n<meta property=\"og:title\" content=\"DONC NOUS AVONS D\u00c9CID\u00c9 DE MANIFESTER - Les Docs de Noirmoutier\" \/>\n<meta property=\"og:description\" content=\"DONC NOUS AVONS D\u00c9CID\u00c9 DE MANIFESTER Emmanuelle Tornero &#8211; 2018 &#8211; 11 minutes 8 f\u00e9vrier 1962 : la guerre d\u2019Alg\u00e9rie et l\u2019OAS font encore rage. \u00c9tat d\u2019urgence oblige, les manifestations sont interdites. \u00c0 Paris, ce soir-l\u00e0, on manifeste quand m\u00eame jusqu&rsquo;au m\u00e9tro Charonne. Et quand on croit avoir fini, c\u2019est l\u00e0 que la course tragique...\" \/>\n<meta property=\"og:url\" content=\"https:\/\/lesdocsdenoirmoutier.fr\/?p=3025\" \/>\n<meta property=\"og:site_name\" content=\"Les Docs de Noirmoutier\" \/>\n<meta property=\"article:publisher\" content=\"https:\/\/www.facebook.com\/lesdocsdenoirmoutier\" \/>\n<meta property=\"article:published_time\" content=\"2022-08-09T17:29:29+00:00\" \/>\n<meta property=\"article:modified_time\" content=\"2022-08-26T10:40:23+00:00\" \/>\n<meta property=\"og:image\" content=\"https:\/\/lesdocsdenoirmoutier.fr\/wp-content\/uploads\/2022\/08\/Donc-nous-avons-de\u0301cide\u0301-de-manifester-image-soundcloud-JK.jpg\" \/>\n\t<meta property=\"og:image:width\" content=\"500\" \/>\n\t<meta property=\"og:image:height\" content=\"500\" \/>\n\t<meta property=\"og:image:type\" content=\"image\/jpeg\" \/>\n<meta name=\"author\" content=\"admin4678\" \/>\n<meta name=\"twitter:card\" content=\"summary_large_image\" \/>\n<meta name=\"twitter:label1\" content=\"\u00c9crit par\" \/>\n\t<meta name=\"twitter:data1\" content=\"admin4678\" \/>\n\t<meta name=\"twitter:label2\" content=\"Dur\u00e9e de lecture estim\u00e9e\" \/>\n\t<meta name=\"twitter:data2\" content=\"2 minutes\" \/>\n<script type=\"application\/ld+json\" class=\"yoast-schema-graph\">{\"@context\":\"https:\\\/\\\/schema.org\",\"@graph\":[{\"@type\":\"Article\",\"@id\":\"https:\\\/\\\/lesdocsdenoirmoutier.fr\\\/?p=3025#article\",\"isPartOf\":{\"@id\":\"https:\\\/\\\/lesdocsdenoirmoutier.fr\\\/?p=3025\"},\"author\":{\"name\":\"admin4678\",\"@id\":\"https:\\\/\\\/lesdocsdenoirmoutier.fr\\\/#\\\/schema\\\/person\\\/3db3bf5ee73eb951ed24ea0d9e98627b\"},\"headline\":\"DONC NOUS AVONS D\u00c9CID\u00c9 DE MANIFESTER\",\"datePublished\":\"2022-08-09T17:29:29+00:00\",\"dateModified\":\"2022-08-26T10:40:23+00:00\",\"mainEntityOfPage\":{\"@id\":\"https:\\\/\\\/lesdocsdenoirmoutier.fr\\\/?p=3025\"},\"wordCount\":88,\"publisher\":{\"@id\":\"https:\\\/\\\/lesdocsdenoirmoutier.fr\\\/#organization\"},\"image\":{\"@id\":\"https:\\\/\\\/lesdocsdenoirmoutier.fr\\\/?p=3025#primaryimage\"},\"thumbnailUrl\":\"https:\\\/\\\/lesdocsdenoirmoutier.fr\\\/wp-content\\\/uploads\\\/2022\\\/08\\\/Donc-nous-avons-de\u0301cide\u0301-de-manifester-image-soundcloud-JK.jpg\",\"articleSection\":[\"Documentaires sonores 2022\"],\"inLanguage\":\"fr-FR\"},{\"@type\":\"WebPage\",\"@id\":\"https:\\\/\\\/lesdocsdenoirmoutier.fr\\\/?p=3025\",\"url\":\"https:\\\/\\\/lesdocsdenoirmoutier.fr\\\/?p=3025\",\"name\":\"DONC NOUS AVONS D\u00c9CID\u00c9 DE MANIFESTER - Les Docs de Noirmoutier\",\"isPartOf\":{\"@id\":\"https:\\\/\\\/lesdocsdenoirmoutier.fr\\\/#website\"},\"primaryImageOfPage\":{\"@id\":\"https:\\\/\\\/lesdocsdenoirmoutier.fr\\\/?p=3025#primaryimage\"},\"image\":{\"@id\":\"https:\\\/\\\/lesdocsdenoirmoutier.fr\\\/?p=3025#primaryimage\"},\"thumbnailUrl\":\"https:\\\/\\\/lesdocsdenoirmoutier.fr\\\/wp-content\\\/uploads\\\/2022\\\/08\\\/Donc-nous-avons-de\u0301cide\u0301-de-manifester-image-soundcloud-JK.jpg\",\"datePublished\":\"2022-08-09T17:29:29+00:00\",\"dateModified\":\"2022-08-26T10:40:23+00:00\",\"breadcrumb\":{\"@id\":\"https:\\\/\\\/lesdocsdenoirmoutier.fr\\\/?p=3025#breadcrumb\"},\"inLanguage\":\"fr-FR\",\"potentialAction\":[{\"@type\":\"ReadAction\",\"target\":[\"https:\\\/\\\/lesdocsdenoirmoutier.fr\\\/?p=3025\"]}]},{\"@type\":\"ImageObject\",\"inLanguage\":\"fr-FR\",\"@id\":\"https:\\\/\\\/lesdocsdenoirmoutier.fr\\\/?p=3025#primaryimage\",\"url\":\"https:\\\/\\\/lesdocsdenoirmoutier.fr\\\/wp-content\\\/uploads\\\/2022\\\/08\\\/Donc-nous-avons-de\u0301cide\u0301-de-manifester-image-soundcloud-JK.jpg\",\"contentUrl\":\"https:\\\/\\\/lesdocsdenoirmoutier.fr\\\/wp-content\\\/uploads\\\/2022\\\/08\\\/Donc-nous-avons-de\u0301cide\u0301-de-manifester-image-soundcloud-JK.jpg\",\"width\":500,\"height\":500,\"caption\":\"DONC NOUS AVONS D\u00c9CID\u00c9 DE MANIFESTER\"},{\"@type\":\"BreadcrumbList\",\"@id\":\"https:\\\/\\\/lesdocsdenoirmoutier.fr\\\/?p=3025#breadcrumb\",\"itemListElement\":[{\"@type\":\"ListItem\",\"position\":1,\"name\":\"Accueil\",\"item\":\"https:\\\/\\\/lesdocsdenoirmoutier.fr\\\/\"},{\"@type\":\"ListItem\",\"position\":2,\"name\":\"DONC NOUS AVONS D\u00c9CID\u00c9 DE MANIFESTER\"}]},{\"@type\":\"WebSite\",\"@id\":\"https:\\\/\\\/lesdocsdenoirmoutier.fr\\\/#website\",\"url\":\"https:\\\/\\\/lesdocsdenoirmoutier.fr\\\/\",\"name\":\"Les Docs de Noirmoutier\",\"description\":\"Festival de Documentaires sur l\u2019\u00eele de Noirmoutier\",\"publisher\":{\"@id\":\"https:\\\/\\\/lesdocsdenoirmoutier.fr\\\/#organization\"},\"potentialAction\":[{\"@type\":\"SearchAction\",\"target\":{\"@type\":\"EntryPoint\",\"urlTemplate\":\"https:\\\/\\\/lesdocsdenoirmoutier.fr\\\/?s={search_term_string}\"},\"query-input\":{\"@type\":\"PropertyValueSpecification\",\"valueRequired\":true,\"valueName\":\"search_term_string\"}}],\"inLanguage\":\"fr-FR\"},{\"@type\":\"Organization\",\"@id\":\"https:\\\/\\\/lesdocsdenoirmoutier.fr\\\/#organization\",\"name\":\"Les Docs de Noirmoutier\",\"url\":\"https:\\\/\\\/lesdocsdenoirmoutier.fr\\\/\",\"logo\":{\"@type\":\"ImageObject\",\"inLanguage\":\"fr-FR\",\"@id\":\"https:\\\/\\\/lesdocsdenoirmoutier.fr\\\/#\\\/schema\\\/logo\\\/image\\\/\",\"url\":\"https:\\\/\\\/lesdocsdenoirmoutier.fr\\\/wp-content\\\/uploads\\\/2021\\\/05\\\/cropped-HD_LES-DOCS-DE-NOIRMOUTIERS_Logo_RVB_Fond-Clair-1.png\",\"contentUrl\":\"https:\\\/\\\/lesdocsdenoirmoutier.fr\\\/wp-content\\\/uploads\\\/2021\\\/05\\\/cropped-HD_LES-DOCS-DE-NOIRMOUTIERS_Logo_RVB_Fond-Clair-1.png\",\"width\":7064,\"height\":3098,\"caption\":\"Les Docs de Noirmoutier\"},\"image\":{\"@id\":\"https:\\\/\\\/lesdocsdenoirmoutier.fr\\\/#\\\/schema\\\/logo\\\/image\\\/\"},\"sameAs\":[\"https:\\\/\\\/www.facebook.com\\\/lesdocsdenoirmoutier\",\"https:\\\/\\\/www.instagram.com\\\/lesdocsdenoirmoutier\\\/\"]},{\"@type\":\"Person\",\"@id\":\"https:\\\/\\\/lesdocsdenoirmoutier.fr\\\/#\\\/schema\\\/person\\\/3db3bf5ee73eb951ed24ea0d9e98627b\",\"name\":\"admin4678\",\"image\":{\"@type\":\"ImageObject\",\"inLanguage\":\"fr-FR\",\"@id\":\"https:\\\/\\\/secure.gravatar.com\\\/avatar\\\/b520d5e41659568023111d5686799beea5df4961a1859e2bae64da9391901a45?s=96&d=mm&r=g\",\"url\":\"https:\\\/\\\/secure.gravatar.com\\\/avatar\\\/b520d5e41659568023111d5686799beea5df4961a1859e2bae64da9391901a45?s=96&d=mm&r=g\",\"contentUrl\":\"https:\\\/\\\/secure.gravatar.com\\\/avatar\\\/b520d5e41659568023111d5686799beea5df4961a1859e2bae64da9391901a45?s=96&d=mm&r=g\",\"caption\":\"admin4678\"},\"sameAs\":[\"http:\\\/\\\/lesdocsdenoirmoutier.fr\"],\"url\":\"https:\\\/\\\/lesdocsdenoirmoutier.fr\\\/?author=1\"}]}<\/script>\n<!-- \/ Yoast SEO plugin. -->","yoast_head_json":{"title":"DONC NOUS AVONS D\u00c9CID\u00c9 DE MANIFESTER - Les Docs de Noirmoutier","robots":{"index":"index","follow":"follow","max-snippet":"max-snippet:-1","max-image-preview":"max-image-preview:large","max-video-preview":"max-video-preview:-1"},"canonical":"https:\/\/lesdocsdenoirmoutier.fr\/?p=3025","og_locale":"fr_FR","og_type":"article","og_title":"DONC NOUS AVONS D\u00c9CID\u00c9 DE MANIFESTER - Les Docs de Noirmoutier","og_description":"DONC NOUS AVONS D\u00c9CID\u00c9 DE MANIFESTER Emmanuelle Tornero &#8211; 2018 &#8211; 11 minutes 8 f\u00e9vrier 1962 : la guerre d\u2019Alg\u00e9rie et l\u2019OAS font encore rage. \u00c9tat d\u2019urgence oblige, les manifestations sont interdites. \u00c0 Paris, ce soir-l\u00e0, on manifeste quand m\u00eame jusqu&rsquo;au m\u00e9tro Charonne. Et quand on croit avoir fini, c\u2019est l\u00e0 que la course tragique...","og_url":"https:\/\/lesdocsdenoirmoutier.fr\/?p=3025","og_site_name":"Les Docs de Noirmoutier","article_publisher":"https:\/\/www.facebook.com\/lesdocsdenoirmoutier","article_published_time":"2022-08-09T17:29:29+00:00","article_modified_time":"2022-08-26T10:40:23+00:00","og_image":[{"width":500,"height":500,"url":"https:\/\/lesdocsdenoirmoutier.fr\/wp-content\/uploads\/2022\/08\/Donc-nous-avons-de\u0301cide\u0301-de-manifester-image-soundcloud-JK.jpg","type":"image\/jpeg"}],"author":"admin4678","twitter_card":"summary_large_image","twitter_misc":{"\u00c9crit par":"admin4678","Dur\u00e9e de lecture estim\u00e9e":"2 minutes"},"schema":{"@context":"https:\/\/schema.org","@graph":[{"@type":"Article","@id":"https:\/\/lesdocsdenoirmoutier.fr\/?p=3025#article","isPartOf":{"@id":"https:\/\/lesdocsdenoirmoutier.fr\/?p=3025"},"author":{"name":"admin4678","@id":"https:\/\/lesdocsdenoirmoutier.fr\/#\/schema\/person\/3db3bf5ee73eb951ed24ea0d9e98627b"},"headline":"DONC NOUS AVONS D\u00c9CID\u00c9 DE MANIFESTER","datePublished":"2022-08-09T17:29:29+00:00","dateModified":"2022-08-26T10:40:23+00:00","mainEntityOfPage":{"@id":"https:\/\/lesdocsdenoirmoutier.fr\/?p=3025"},"wordCount":88,"publisher":{"@id":"https:\/\/lesdocsdenoirmoutier.fr\/#organization"},"image":{"@id":"https:\/\/lesdocsdenoirmoutier.fr\/?p=3025#primaryimage"},"thumbnailUrl":"https:\/\/lesdocsdenoirmoutier.fr\/wp-content\/uploads\/2022\/08\/Donc-nous-avons-de\u0301cide\u0301-de-manifester-image-soundcloud-JK.jpg","articleSection":["Documentaires sonores 2022"],"inLanguage":"fr-FR"},{"@type":"WebPage","@id":"https:\/\/lesdocsdenoirmoutier.fr\/?p=3025","url":"https:\/\/lesdocsdenoirmoutier.fr\/?p=3025","name":"DONC NOUS AVONS D\u00c9CID\u00c9 DE MANIFESTER - Les Docs de Noirmoutier","isPartOf":{"@id":"https:\/\/lesdocsdenoirmoutier.fr\/#website"},"primaryImageOfPage":{"@id":"https:\/\/lesdocsdenoirmoutier.fr\/?p=3025#primaryimage"},"image":{"@id":"https:\/\/lesdocsdenoirmoutier.fr\/?p=3025#primaryimage"},"thumbnailUrl":"https:\/\/lesdocsdenoirmoutier.fr\/wp-content\/uploads\/2022\/08\/Donc-nous-avons-de\u0301cide\u0301-de-manifester-image-soundcloud-JK.jpg","datePublished":"2022-08-09T17:29:29+00:00","dateModified":"2022-08-26T10:40:23+00:00","breadcrumb":{"@id":"https:\/\/lesdocsdenoirmoutier.fr\/?p=3025#breadcrumb"},"inLanguage":"fr-FR","potentialAction":[{"@type":"ReadAction","target":["https:\/\/lesdocsdenoirmoutier.fr\/?p=3025"]}]},{"@type":"ImageObject","inLanguage":"fr-FR","@id":"https:\/\/lesdocsdenoirmoutier.fr\/?p=3025#primaryimage","url":"https:\/\/lesdocsdenoirmoutier.fr\/wp-content\/uploads\/2022\/08\/Donc-nous-avons-de\u0301cide\u0301-de-manifester-image-soundcloud-JK.jpg","contentUrl":"https:\/\/lesdocsdenoirmoutier.fr\/wp-content\/uploads\/2022\/08\/Donc-nous-avons-de\u0301cide\u0301-de-manifester-image-soundcloud-JK.jpg","width":500,"height":500,"caption":"DONC NOUS AVONS D\u00c9CID\u00c9 DE MANIFESTER"},{"@type":"BreadcrumbList","@id":"https:\/\/lesdocsdenoirmoutier.fr\/?p=3025#breadcrumb","itemListElement":[{"@type":"ListItem","position":1,"name":"Accueil","item":"https:\/\/lesdocsdenoirmoutier.fr\/"},{"@type":"ListItem","position":2,"name":"DONC NOUS AVONS D\u00c9CID\u00c9 DE MANIFESTER"}]},{"@type":"WebSite","@id":"https:\/\/lesdocsdenoirmoutier.fr\/#website","url":"https:\/\/lesdocsdenoirmoutier.fr\/","name":"Les Docs de Noirmoutier","description":"Festival de Documentaires sur l\u2019\u00eele de Noirmoutier","publisher":{"@id":"https:\/\/lesdocsdenoirmoutier.fr\/#organization"},"potentialAction":[{"@type":"SearchAction","target":{"@type":"EntryPoint","urlTemplate":"https:\/\/lesdocsdenoirmoutier.fr\/?s={search_term_string}"},"query-input":{"@type":"PropertyValueSpecification","valueRequired":true,"valueName":"search_term_string"}}],"inLanguage":"fr-FR"},{"@type":"Organization","@id":"https:\/\/lesdocsdenoirmoutier.fr\/#organization","name":"Les Docs de Noirmoutier","url":"https:\/\/lesdocsdenoirmoutier.fr\/","logo":{"@type":"ImageObject","inLanguage":"fr-FR","@id":"https:\/\/lesdocsdenoirmoutier.fr\/#\/schema\/logo\/image\/","url":"https:\/\/lesdocsdenoirmoutier.fr\/wp-content\/uploads\/2021\/05\/cropped-HD_LES-DOCS-DE-NOIRMOUTIERS_Logo_RVB_Fond-Clair-1.png","contentUrl":"https:\/\/lesdocsdenoirmoutier.fr\/wp-content\/uploads\/2021\/05\/cropped-HD_LES-DOCS-DE-NOIRMOUTIERS_Logo_RVB_Fond-Clair-1.png","width":7064,"height":3098,"caption":"Les Docs de Noirmoutier"},"image":{"@id":"https:\/\/lesdocsdenoirmoutier.fr\/#\/schema\/logo\/image\/"},"sameAs":["https:\/\/www.facebook.com\/lesdocsdenoirmoutier","https:\/\/www.instagram.com\/lesdocsdenoirmoutier\/"]},{"@type":"Person","@id":"https:\/\/lesdocsdenoirmoutier.fr\/#\/schema\/person\/3db3bf5ee73eb951ed24ea0d9e98627b","name":"admin4678","image":{"@type":"ImageObject","inLanguage":"fr-FR","@id":"https:\/\/secure.gravatar.com\/avatar\/b520d5e41659568023111d5686799beea5df4961a1859e2bae64da9391901a45?s=96&d=mm&r=g","url":"https:\/\/secure.gravatar.com\/avatar\/b520d5e41659568023111d5686799beea5df4961a1859e2bae64da9391901a45?s=96&d=mm&r=g","contentUrl":"https:\/\/secure.gravatar.com\/avatar\/b520d5e41659568023111d5686799beea5df4961a1859e2bae64da9391901a45?s=96&d=mm&r=g","caption":"admin4678"},"sameAs":["http:\/\/lesdocsdenoirmoutier.fr"],"url":"https:\/\/lesdocsdenoirmoutier.fr\/?author=1"}]}},"_links":{"self":[{"href":"https:\/\/lesdocsdenoirmoutier.fr\/index.php?rest_route=\/wp\/v2\/posts\/3025","targetHints":{"allow":["GET"]}}],"collection":[{"href":"https:\/\/lesdocsdenoirmoutier.fr\/index.php?rest_route=\/wp\/v2\/posts"}],"about":[{"href":"https:\/\/lesdocsdenoirmoutier.fr\/index.php?rest_route=\/wp\/v2\/types\/post"}],"author":[{"embeddable":true,"href":"https:\/\/lesdocsdenoirmoutier.fr\/index.php?rest_route=\/wp\/v2\/users\/1"}],"replies":[{"embeddable":true,"href":"https:\/\/lesdocsdenoirmoutier.fr\/index.php?rest_route=%2Fwp%2Fv2%2Fcomments&post=3025"}],"version-history":[{"count":23,"href":"https:\/\/lesdocsdenoirmoutier.fr\/index.php?rest_route=\/wp\/v2\/posts\/3025\/revisions"}],"predecessor-version":[{"id":3691,"href":"https:\/\/lesdocsdenoirmoutier.fr\/index.php?rest_route=\/wp\/v2\/posts\/3025\/revisions\/3691"}],"wp:featuredmedia":[{"embeddable":true,"href":"https:\/\/lesdocsdenoirmoutier.fr\/index.php?rest_route=\/wp\/v2\/media\/3026"}],"wp:attachment":[{"href":"https:\/\/lesdocsdenoirmoutier.fr\/index.php?rest_route=%2Fwp%2Fv2%2Fmedia&parent=3025"}],"wp:term":[{"taxonomy":"category","embeddable":true,"href":"https:\/\/lesdocsdenoirmoutier.fr\/index.php?rest_route=%2Fwp%2Fv2%2Fcategories&post=3025"},{"taxonomy":"post_tag","embeddable":true,"href":"https:\/\/lesdocsdenoirmoutier.fr\/index.php?rest_route=%2Fwp%2Fv2%2Ftags&post=3025"}],"curies":[{"name":"wp","href":"https:\/\/api.w.org\/{rel}","templated":true}]}}