{"id":4737,"date":"2024-02-03T17:00:00","date_gmt":"2024-02-03T16:00:00","guid":{"rendered":"https:\/\/lesdocsdenoirmoutier.fr\/?p=4737"},"modified":"2024-02-15T17:56:48","modified_gmt":"2024-02-15T16:56:48","slug":"elementor-4737","status":"publish","type":"post","link":"https:\/\/lesdocsdenoirmoutier.fr\/?p=4737","title":{"rendered":"PARTICIPEZ \u00c0 LA PROGRAMMATION 2024"},"content":{"rendered":"\t\t<div data-elementor-type=\"wp-post\" data-elementor-id=\"4737\" class=\"elementor elementor-4737\" data-elementor-post-type=\"post\">\n\t\t\t\t\t\t<section class=\"elementor-section elementor-top-section elementor-element elementor-element-56c9336 elementor-section-boxed elementor-section-height-default elementor-section-height-default\" data-id=\"56c9336\" data-element_type=\"section\">\n\t\t\t\t\t\t<div class=\"elementor-container elementor-column-gap-default\">\n\t\t\t\t\t<div class=\"elementor-column elementor-col-100 elementor-top-column elementor-element elementor-element-47c1c51\" data-id=\"47c1c51\" data-element_type=\"column\">\n\t\t\t<div class=\"elementor-widget-wrap elementor-element-populated\">\n\t\t\t\t\t\t<div class=\"elementor-element elementor-element-d698bee elementor-widget elementor-widget-text-editor\" data-id=\"d698bee\" data-element_type=\"widget\" data-widget_type=\"text-editor.default\">\n\t\t\t\t<div class=\"elementor-widget-container\">\n\t\t\t\t\t\t\t\t\t<p>Pour la premi\u00e8re fois cette ann\u00e9e, les Docs de Noirmoutier donnent carte blanche aux iliennes et aux iliens r\u00e9sidant \u00e0 Noirmoutier, et leur propose de participer \u00e0 la programmation du festival en choisissant, parmi une liste \u00e9tablie de documentaires, un ou plusieurs films qui feront l&rsquo;objet d&rsquo;une s\u00e9ance de projection, le samedi 30 mars, au Centre Culturel Les Salorges.&nbsp;<\/p>\n<p><span style=\"color: var( --e-global-color-text ); font-family: var( --e-global-typography-text-font-family ), Sans-serif; font-weight: var( --e-global-typography-text-font-weight );\">Une personne du comit\u00e9 de s\u00e9lection pr\u00e9sentera \u00e9galement le film lors de la s\u00e9ance au public.<\/span><\/p><p><span style=\"color: var( --e-global-color-text ); font-family: var( --e-global-typography-text-font-family ), Sans-serif; font-weight: var( --e-global-typography-text-font-weight );\">&#8211;<\/span><\/p>\n<p>Les inscriptions pour rejoindre le comit\u00e9 de s\u00e9lection sont d\u00e9sormais closes.&nbsp;<br><\/p>\n<p><\/p>\t\t\t\t\t\t\t\t<\/div>\n\t\t\t\t<\/div>\n\t\t\t\t\t<\/div>\n\t\t<\/div>\n\t\t\t\t\t<\/div>\n\t\t<\/section>\n\t\t\t\t<\/div>\n\t\t","protected":false},"excerpt":{"rendered":"<p>Pour la premi\u00e8re fois cette ann\u00e9e, les Docs de Noirmoutier donnent carte blanche aux iliennes et aux iliens r\u00e9sidant \u00e0 Noirmoutier, et leur propose de participer \u00e0 la programmation du festival en choisissant, parmi une liste \u00e9tablie de documentaires, un ou plusieurs films qui feront l&rsquo;objet d&rsquo;une s\u00e9ance de projection, le samedi 30 mars, au&#8230;<\/p>\n","protected":false},"author":1,"featured_media":4740,"comment_status":"closed","ping_status":"open","sticky":false,"template":"","format":"standard","meta":{"_mo_disable_npp":"","_kad_post_transparent":"","_kad_post_title":"","_kad_post_layout":"","_kad_post_sidebar_id":"","_kad_post_content_style":"","_kad_post_vertical_padding":"","_kad_post_feature":"","_kad_post_feature_position":"","_kad_post_header":false,"_kad_post_footer":false,"footnotes":""},"categories":[23],"tags":[],"class_list":["post-4737","post","type-post","status-publish","format-standard","has-post-thumbnail","hentry","category-festival-2024"],"yoast_head":"<!-- This site is optimized with the Yoast SEO plugin v27.5 - https:\/\/yoast.com\/product\/yoast-seo-wordpress\/ -->\n<title>PARTICIPEZ \u00c0 LA PROGRAMMATION 2024 - Les Docs de Noirmoutier<\/title>\n<meta name=\"robots\" content=\"index, follow, max-snippet:-1, max-image-preview:large, max-video-preview:-1\" \/>\n<link rel=\"canonical\" href=\"https:\/\/lesdocsdenoirmoutier.fr\/?p=4737\" \/>\n<meta property=\"og:locale\" content=\"fr_FR\" \/>\n<meta property=\"og:type\" content=\"article\" \/>\n<meta property=\"og:title\" content=\"PARTICIPEZ \u00c0 LA PROGRAMMATION 2024 - Les Docs de Noirmoutier\" \/>\n<meta property=\"og:description\" content=\"Pour la premi\u00e8re fois cette ann\u00e9e, les Docs de Noirmoutier donnent carte blanche aux iliennes et aux iliens r\u00e9sidant \u00e0 Noirmoutier, et leur propose de participer \u00e0 la programmation du festival en choisissant, parmi une liste \u00e9tablie de documentaires, un ou plusieurs films qui feront l&rsquo;objet d&rsquo;une s\u00e9ance de projection, le samedi 30 mars, au...\" \/>\n<meta property=\"og:url\" content=\"https:\/\/lesdocsdenoirmoutier.fr\/?p=4737\" \/>\n<meta property=\"og:site_name\" content=\"Les Docs de Noirmoutier\" \/>\n<meta property=\"article:publisher\" content=\"https:\/\/www.facebook.com\/lesdocsdenoirmoutier\" \/>\n<meta property=\"article:published_time\" content=\"2024-02-03T16:00:00+00:00\" \/>\n<meta property=\"article:modified_time\" content=\"2024-02-15T16:56:48+00:00\" \/>\n<meta property=\"og:image\" content=\"https:\/\/lesdocsdenoirmoutier.fr\/wp-content\/uploads\/2024\/02\/Festival-24-2.png\" \/>\n\t<meta property=\"og:image:width\" content=\"1200\" \/>\n\t<meta property=\"og:image:height\" content=\"630\" \/>\n\t<meta property=\"og:image:type\" content=\"image\/png\" \/>\n<meta name=\"author\" content=\"admin4678\" \/>\n<meta name=\"twitter:card\" content=\"summary_large_image\" \/>\n<meta name=\"twitter:label1\" content=\"\u00c9crit par\" \/>\n\t<meta name=\"twitter:data1\" content=\"admin4678\" \/>\n\t<meta name=\"twitter:label2\" content=\"Dur\u00e9e de lecture estim\u00e9e\" \/>\n\t<meta name=\"twitter:data2\" content=\"1 minute\" \/>\n<script type=\"application\/ld+json\" class=\"yoast-schema-graph\">{\"@context\":\"https:\\\/\\\/schema.org\",\"@graph\":[{\"@type\":\"Article\",\"@id\":\"https:\\\/\\\/lesdocsdenoirmoutier.fr\\\/?p=4737#article\",\"isPartOf\":{\"@id\":\"https:\\\/\\\/lesdocsdenoirmoutier.fr\\\/?p=4737\"},\"author\":{\"name\":\"admin4678\",\"@id\":\"https:\\\/\\\/lesdocsdenoirmoutier.fr\\\/#\\\/schema\\\/person\\\/3db3bf5ee73eb951ed24ea0d9e98627b\"},\"headline\":\"PARTICIPEZ \u00c0 LA PROGRAMMATION 2024\",\"datePublished\":\"2024-02-03T16:00:00+00:00\",\"dateModified\":\"2024-02-15T16:56:48+00:00\",\"mainEntityOfPage\":{\"@id\":\"https:\\\/\\\/lesdocsdenoirmoutier.fr\\\/?p=4737\"},\"wordCount\":98,\"publisher\":{\"@id\":\"https:\\\/\\\/lesdocsdenoirmoutier.fr\\\/#organization\"},\"image\":{\"@id\":\"https:\\\/\\\/lesdocsdenoirmoutier.fr\\\/?p=4737#primaryimage\"},\"thumbnailUrl\":\"https:\\\/\\\/lesdocsdenoirmoutier.fr\\\/wp-content\\\/uploads\\\/2024\\\/02\\\/Festival-24-2.png\",\"articleSection\":[\"Festival 2024\"],\"inLanguage\":\"fr-FR\"},{\"@type\":\"WebPage\",\"@id\":\"https:\\\/\\\/lesdocsdenoirmoutier.fr\\\/?p=4737\",\"url\":\"https:\\\/\\\/lesdocsdenoirmoutier.fr\\\/?p=4737\",\"name\":\"PARTICIPEZ \u00c0 LA PROGRAMMATION 2024 - Les Docs de Noirmoutier\",\"isPartOf\":{\"@id\":\"https:\\\/\\\/lesdocsdenoirmoutier.fr\\\/#website\"},\"primaryImageOfPage\":{\"@id\":\"https:\\\/\\\/lesdocsdenoirmoutier.fr\\\/?p=4737#primaryimage\"},\"image\":{\"@id\":\"https:\\\/\\\/lesdocsdenoirmoutier.fr\\\/?p=4737#primaryimage\"},\"thumbnailUrl\":\"https:\\\/\\\/lesdocsdenoirmoutier.fr\\\/wp-content\\\/uploads\\\/2024\\\/02\\\/Festival-24-2.png\",\"datePublished\":\"2024-02-03T16:00:00+00:00\",\"dateModified\":\"2024-02-15T16:56:48+00:00\",\"breadcrumb\":{\"@id\":\"https:\\\/\\\/lesdocsdenoirmoutier.fr\\\/?p=4737#breadcrumb\"},\"inLanguage\":\"fr-FR\",\"potentialAction\":[{\"@type\":\"ReadAction\",\"target\":[\"https:\\\/\\\/lesdocsdenoirmoutier.fr\\\/?p=4737\"]}]},{\"@type\":\"ImageObject\",\"inLanguage\":\"fr-FR\",\"@id\":\"https:\\\/\\\/lesdocsdenoirmoutier.fr\\\/?p=4737#primaryimage\",\"url\":\"https:\\\/\\\/lesdocsdenoirmoutier.fr\\\/wp-content\\\/uploads\\\/2024\\\/02\\\/Festival-24-2.png\",\"contentUrl\":\"https:\\\/\\\/lesdocsdenoirmoutier.fr\\\/wp-content\\\/uploads\\\/2024\\\/02\\\/Festival-24-2.png\",\"width\":1200,\"height\":630,\"caption\":\"Image issue du film Paysans de la Mer\"},{\"@type\":\"BreadcrumbList\",\"@id\":\"https:\\\/\\\/lesdocsdenoirmoutier.fr\\\/?p=4737#breadcrumb\",\"itemListElement\":[{\"@type\":\"ListItem\",\"position\":1,\"name\":\"Accueil\",\"item\":\"https:\\\/\\\/lesdocsdenoirmoutier.fr\\\/\"},{\"@type\":\"ListItem\",\"position\":2,\"name\":\"PARTICIPEZ \u00c0 LA PROGRAMMATION 2024\"}]},{\"@type\":\"WebSite\",\"@id\":\"https:\\\/\\\/lesdocsdenoirmoutier.fr\\\/#website\",\"url\":\"https:\\\/\\\/lesdocsdenoirmoutier.fr\\\/\",\"name\":\"Les Docs de Noirmoutier\",\"description\":\"Festival de Documentaires sur l\u2019\u00eele de Noirmoutier\",\"publisher\":{\"@id\":\"https:\\\/\\\/lesdocsdenoirmoutier.fr\\\/#organization\"},\"potentialAction\":[{\"@type\":\"SearchAction\",\"target\":{\"@type\":\"EntryPoint\",\"urlTemplate\":\"https:\\\/\\\/lesdocsdenoirmoutier.fr\\\/?s={search_term_string}\"},\"query-input\":{\"@type\":\"PropertyValueSpecification\",\"valueRequired\":true,\"valueName\":\"search_term_string\"}}],\"inLanguage\":\"fr-FR\"},{\"@type\":\"Organization\",\"@id\":\"https:\\\/\\\/lesdocsdenoirmoutier.fr\\\/#organization\",\"name\":\"Les Docs de Noirmoutier\",\"url\":\"https:\\\/\\\/lesdocsdenoirmoutier.fr\\\/\",\"logo\":{\"@type\":\"ImageObject\",\"inLanguage\":\"fr-FR\",\"@id\":\"https:\\\/\\\/lesdocsdenoirmoutier.fr\\\/#\\\/schema\\\/logo\\\/image\\\/\",\"url\":\"https:\\\/\\\/lesdocsdenoirmoutier.fr\\\/wp-content\\\/uploads\\\/2021\\\/05\\\/cropped-HD_LES-DOCS-DE-NOIRMOUTIERS_Logo_RVB_Fond-Clair-1.png\",\"contentUrl\":\"https:\\\/\\\/lesdocsdenoirmoutier.fr\\\/wp-content\\\/uploads\\\/2021\\\/05\\\/cropped-HD_LES-DOCS-DE-NOIRMOUTIERS_Logo_RVB_Fond-Clair-1.png\",\"width\":7064,\"height\":3098,\"caption\":\"Les Docs de Noirmoutier\"},\"image\":{\"@id\":\"https:\\\/\\\/lesdocsdenoirmoutier.fr\\\/#\\\/schema\\\/logo\\\/image\\\/\"},\"sameAs\":[\"https:\\\/\\\/www.facebook.com\\\/lesdocsdenoirmoutier\",\"https:\\\/\\\/www.instagram.com\\\/lesdocsdenoirmoutier\\\/\"]},{\"@type\":\"Person\",\"@id\":\"https:\\\/\\\/lesdocsdenoirmoutier.fr\\\/#\\\/schema\\\/person\\\/3db3bf5ee73eb951ed24ea0d9e98627b\",\"name\":\"admin4678\",\"image\":{\"@type\":\"ImageObject\",\"inLanguage\":\"fr-FR\",\"@id\":\"https:\\\/\\\/secure.gravatar.com\\\/avatar\\\/b520d5e41659568023111d5686799beea5df4961a1859e2bae64da9391901a45?s=96&d=mm&r=g\",\"url\":\"https:\\\/\\\/secure.gravatar.com\\\/avatar\\\/b520d5e41659568023111d5686799beea5df4961a1859e2bae64da9391901a45?s=96&d=mm&r=g\",\"contentUrl\":\"https:\\\/\\\/secure.gravatar.com\\\/avatar\\\/b520d5e41659568023111d5686799beea5df4961a1859e2bae64da9391901a45?s=96&d=mm&r=g\",\"caption\":\"admin4678\"},\"sameAs\":[\"http:\\\/\\\/lesdocsdenoirmoutier.fr\"],\"url\":\"https:\\\/\\\/lesdocsdenoirmoutier.fr\\\/?author=1\"}]}<\/script>\n<!-- \/ Yoast SEO plugin. -->","yoast_head_json":{"title":"PARTICIPEZ \u00c0 LA PROGRAMMATION 2024 - Les Docs de Noirmoutier","robots":{"index":"index","follow":"follow","max-snippet":"max-snippet:-1","max-image-preview":"max-image-preview:large","max-video-preview":"max-video-preview:-1"},"canonical":"https:\/\/lesdocsdenoirmoutier.fr\/?p=4737","og_locale":"fr_FR","og_type":"article","og_title":"PARTICIPEZ \u00c0 LA PROGRAMMATION 2024 - Les Docs de Noirmoutier","og_description":"Pour la premi\u00e8re fois cette ann\u00e9e, les Docs de Noirmoutier donnent carte blanche aux iliennes et aux iliens r\u00e9sidant \u00e0 Noirmoutier, et leur propose de participer \u00e0 la programmation du festival en choisissant, parmi une liste \u00e9tablie de documentaires, un ou plusieurs films qui feront l&rsquo;objet d&rsquo;une s\u00e9ance de projection, le samedi 30 mars, au...","og_url":"https:\/\/lesdocsdenoirmoutier.fr\/?p=4737","og_site_name":"Les Docs de Noirmoutier","article_publisher":"https:\/\/www.facebook.com\/lesdocsdenoirmoutier","article_published_time":"2024-02-03T16:00:00+00:00","article_modified_time":"2024-02-15T16:56:48+00:00","og_image":[{"width":1200,"height":630,"url":"https:\/\/lesdocsdenoirmoutier.fr\/wp-content\/uploads\/2024\/02\/Festival-24-2.png","type":"image\/png"}],"author":"admin4678","twitter_card":"summary_large_image","twitter_misc":{"\u00c9crit par":"admin4678","Dur\u00e9e de lecture estim\u00e9e":"1 minute"},"schema":{"@context":"https:\/\/schema.org","@graph":[{"@type":"Article","@id":"https:\/\/lesdocsdenoirmoutier.fr\/?p=4737#article","isPartOf":{"@id":"https:\/\/lesdocsdenoirmoutier.fr\/?p=4737"},"author":{"name":"admin4678","@id":"https:\/\/lesdocsdenoirmoutier.fr\/#\/schema\/person\/3db3bf5ee73eb951ed24ea0d9e98627b"},"headline":"PARTICIPEZ \u00c0 LA PROGRAMMATION 2024","datePublished":"2024-02-03T16:00:00+00:00","dateModified":"2024-02-15T16:56:48+00:00","mainEntityOfPage":{"@id":"https:\/\/lesdocsdenoirmoutier.fr\/?p=4737"},"wordCount":98,"publisher":{"@id":"https:\/\/lesdocsdenoirmoutier.fr\/#organization"},"image":{"@id":"https:\/\/lesdocsdenoirmoutier.fr\/?p=4737#primaryimage"},"thumbnailUrl":"https:\/\/lesdocsdenoirmoutier.fr\/wp-content\/uploads\/2024\/02\/Festival-24-2.png","articleSection":["Festival 2024"],"inLanguage":"fr-FR"},{"@type":"WebPage","@id":"https:\/\/lesdocsdenoirmoutier.fr\/?p=4737","url":"https:\/\/lesdocsdenoirmoutier.fr\/?p=4737","name":"PARTICIPEZ \u00c0 LA PROGRAMMATION 2024 - Les Docs de Noirmoutier","isPartOf":{"@id":"https:\/\/lesdocsdenoirmoutier.fr\/#website"},"primaryImageOfPage":{"@id":"https:\/\/lesdocsdenoirmoutier.fr\/?p=4737#primaryimage"},"image":{"@id":"https:\/\/lesdocsdenoirmoutier.fr\/?p=4737#primaryimage"},"thumbnailUrl":"https:\/\/lesdocsdenoirmoutier.fr\/wp-content\/uploads\/2024\/02\/Festival-24-2.png","datePublished":"2024-02-03T16:00:00+00:00","dateModified":"2024-02-15T16:56:48+00:00","breadcrumb":{"@id":"https:\/\/lesdocsdenoirmoutier.fr\/?p=4737#breadcrumb"},"inLanguage":"fr-FR","potentialAction":[{"@type":"ReadAction","target":["https:\/\/lesdocsdenoirmoutier.fr\/?p=4737"]}]},{"@type":"ImageObject","inLanguage":"fr-FR","@id":"https:\/\/lesdocsdenoirmoutier.fr\/?p=4737#primaryimage","url":"https:\/\/lesdocsdenoirmoutier.fr\/wp-content\/uploads\/2024\/02\/Festival-24-2.png","contentUrl":"https:\/\/lesdocsdenoirmoutier.fr\/wp-content\/uploads\/2024\/02\/Festival-24-2.png","width":1200,"height":630,"caption":"Image issue du film Paysans de la Mer"},{"@type":"BreadcrumbList","@id":"https:\/\/lesdocsdenoirmoutier.fr\/?p=4737#breadcrumb","itemListElement":[{"@type":"ListItem","position":1,"name":"Accueil","item":"https:\/\/lesdocsdenoirmoutier.fr\/"},{"@type":"ListItem","position":2,"name":"PARTICIPEZ \u00c0 LA PROGRAMMATION 2024"}]},{"@type":"WebSite","@id":"https:\/\/lesdocsdenoirmoutier.fr\/#website","url":"https:\/\/lesdocsdenoirmoutier.fr\/","name":"Les Docs de Noirmoutier","description":"Festival de Documentaires sur l\u2019\u00eele de Noirmoutier","publisher":{"@id":"https:\/\/lesdocsdenoirmoutier.fr\/#organization"},"potentialAction":[{"@type":"SearchAction","target":{"@type":"EntryPoint","urlTemplate":"https:\/\/lesdocsdenoirmoutier.fr\/?s={search_term_string}"},"query-input":{"@type":"PropertyValueSpecification","valueRequired":true,"valueName":"search_term_string"}}],"inLanguage":"fr-FR"},{"@type":"Organization","@id":"https:\/\/lesdocsdenoirmoutier.fr\/#organization","name":"Les Docs de Noirmoutier","url":"https:\/\/lesdocsdenoirmoutier.fr\/","logo":{"@type":"ImageObject","inLanguage":"fr-FR","@id":"https:\/\/lesdocsdenoirmoutier.fr\/#\/schema\/logo\/image\/","url":"https:\/\/lesdocsdenoirmoutier.fr\/wp-content\/uploads\/2021\/05\/cropped-HD_LES-DOCS-DE-NOIRMOUTIERS_Logo_RVB_Fond-Clair-1.png","contentUrl":"https:\/\/lesdocsdenoirmoutier.fr\/wp-content\/uploads\/2021\/05\/cropped-HD_LES-DOCS-DE-NOIRMOUTIERS_Logo_RVB_Fond-Clair-1.png","width":7064,"height":3098,"caption":"Les Docs de Noirmoutier"},"image":{"@id":"https:\/\/lesdocsdenoirmoutier.fr\/#\/schema\/logo\/image\/"},"sameAs":["https:\/\/www.facebook.com\/lesdocsdenoirmoutier","https:\/\/www.instagram.com\/lesdocsdenoirmoutier\/"]},{"@type":"Person","@id":"https:\/\/lesdocsdenoirmoutier.fr\/#\/schema\/person\/3db3bf5ee73eb951ed24ea0d9e98627b","name":"admin4678","image":{"@type":"ImageObject","inLanguage":"fr-FR","@id":"https:\/\/secure.gravatar.com\/avatar\/b520d5e41659568023111d5686799beea5df4961a1859e2bae64da9391901a45?s=96&d=mm&r=g","url":"https:\/\/secure.gravatar.com\/avatar\/b520d5e41659568023111d5686799beea5df4961a1859e2bae64da9391901a45?s=96&d=mm&r=g","contentUrl":"https:\/\/secure.gravatar.com\/avatar\/b520d5e41659568023111d5686799beea5df4961a1859e2bae64da9391901a45?s=96&d=mm&r=g","caption":"admin4678"},"sameAs":["http:\/\/lesdocsdenoirmoutier.fr"],"url":"https:\/\/lesdocsdenoirmoutier.fr\/?author=1"}]}},"_links":{"self":[{"href":"https:\/\/lesdocsdenoirmoutier.fr\/index.php?rest_route=\/wp\/v2\/posts\/4737","targetHints":{"allow":["GET"]}}],"collection":[{"href":"https:\/\/lesdocsdenoirmoutier.fr\/index.php?rest_route=\/wp\/v2\/posts"}],"about":[{"href":"https:\/\/lesdocsdenoirmoutier.fr\/index.php?rest_route=\/wp\/v2\/types\/post"}],"author":[{"embeddable":true,"href":"https:\/\/lesdocsdenoirmoutier.fr\/index.php?rest_route=\/wp\/v2\/users\/1"}],"replies":[{"embeddable":true,"href":"https:\/\/lesdocsdenoirmoutier.fr\/index.php?rest_route=%2Fwp%2Fv2%2Fcomments&post=4737"}],"version-history":[{"count":9,"href":"https:\/\/lesdocsdenoirmoutier.fr\/index.php?rest_route=\/wp\/v2\/posts\/4737\/revisions"}],"predecessor-version":[{"id":4747,"href":"https:\/\/lesdocsdenoirmoutier.fr\/index.php?rest_route=\/wp\/v2\/posts\/4737\/revisions\/4747"}],"wp:featuredmedia":[{"embeddable":true,"href":"https:\/\/lesdocsdenoirmoutier.fr\/index.php?rest_route=\/wp\/v2\/media\/4740"}],"wp:attachment":[{"href":"https:\/\/lesdocsdenoirmoutier.fr\/index.php?rest_route=%2Fwp%2Fv2%2Fmedia&parent=4737"}],"wp:term":[{"taxonomy":"category","embeddable":true,"href":"https:\/\/lesdocsdenoirmoutier.fr\/index.php?rest_route=%2Fwp%2Fv2%2Fcategories&post=4737"},{"taxonomy":"post_tag","embeddable":true,"href":"https:\/\/lesdocsdenoirmoutier.fr\/index.php?rest_route=%2Fwp%2Fv2%2Ftags&post=4737"}],"curies":[{"name":"wp","href":"https:\/\/api.w.org\/{rel}","templated":true}]}}