{"id":5389,"date":"2024-02-23T18:08:09","date_gmt":"2024-02-23T17:08:09","guid":{"rendered":"https:\/\/lesdocsdenoirmoutier.fr\/?p=5389"},"modified":"2024-02-23T18:33:29","modified_gmt":"2024-02-23T17:33:29","slug":"les-courants-de-lumiere-sarah-braeck","status":"publish","type":"post","link":"https:\/\/lesdocsdenoirmoutier.fr\/?p=5389","title":{"rendered":"Les Courants de Lumi\u00e8re &#8211; Sarah Braeck"},"content":{"rendered":"\t\t<div data-elementor-type=\"wp-post\" data-elementor-id=\"5389\" class=\"elementor elementor-5389\" data-elementor-post-type=\"post\">\n\t\t\t\t\t\t<section class=\"elementor-section elementor-top-section elementor-element elementor-element-bbd2775 elementor-section-boxed elementor-section-height-default elementor-section-height-default\" data-id=\"bbd2775\" data-element_type=\"section\">\n\t\t\t\t\t\t<div class=\"elementor-container elementor-column-gap-default\">\n\t\t\t\t\t<div class=\"elementor-column elementor-col-100 elementor-top-column elementor-element elementor-element-c0f27fe\" data-id=\"c0f27fe\" data-element_type=\"column\">\n\t\t\t<div class=\"elementor-widget-wrap elementor-element-populated\">\n\t\t\t\t\t\t<div class=\"elementor-element elementor-element-ebdd527 elementor-widget elementor-widget-text-editor\" data-id=\"ebdd527\" data-element_type=\"widget\" data-widget_type=\"text-editor.default\">\n\t\t\t\t<div class=\"elementor-widget-container\">\n\t\t\t\t\t\t\t\t\t<p><i><span style=\"font-weight: 400;\">Les courants de lumi\u00e8re <\/span><\/i><span style=\"font-weight: 400;\">de <a href=\"https:\/\/www.sarahbraeck.com\/\">Sarah Braeck<\/a> est un conte biologique qui met en image le processus de captation du carbone contenu dans l\u2019atmosph\u00e8re par les for\u00eats sous-marines. <br \/>L\u2019\u00e9tude des organismes marins, bien que menac\u00e9s par le r\u00e9chauffement et l&rsquo;acidification des oc\u00e9ans, a fait \u00e9merger des espoirs chez les scientifiques de l\u2019Institut Max Planck. Le \u201cFucus v\u00e9siculeux\u201d (algues brunes)\u00a0 capte le carbone et le stock \u00e0 long terme dans le fond des oc\u00e9ans. <br \/>Pour illustrer ce ph\u00e9nom\u00e8ne, l\u2019artiste collecte des images d\u2019archives qu\u2019elle retravaille par couche de gestes et narre, par une po\u00e9sie de la r\u00e9v\u00e9lation, le r\u00e9cit de cette descente du carbone jusque dans les abysses.\u00a0<\/span><\/p>\t\t\t\t\t\t\t\t<\/div>\n\t\t\t\t<\/div>\n\t\t\t\t\t<\/div>\n\t\t<\/div>\n\t\t\t\t\t<\/div>\n\t\t<\/section>\n\t\t\t\t<section class=\"elementor-section elementor-top-section elementor-element elementor-element-87a85d5 elementor-section-boxed elementor-section-height-default elementor-section-height-default\" data-id=\"87a85d5\" data-element_type=\"section\">\n\t\t\t\t\t\t<div class=\"elementor-container elementor-column-gap-default\">\n\t\t\t\t\t<div class=\"elementor-column elementor-col-100 elementor-top-column elementor-element elementor-element-f18a6e8\" data-id=\"f18a6e8\" data-element_type=\"column\">\n\t\t\t<div class=\"elementor-widget-wrap elementor-element-populated\">\n\t\t\t\t\t\t<div class=\"elementor-element elementor-element-0e60d8b elementor-widget elementor-widget-gallery\" data-id=\"0e60d8b\" data-element_type=\"widget\" data-settings=\"{&quot;gallery_layout&quot;:&quot;justified&quot;,&quot;gap&quot;:{&quot;unit&quot;:&quot;px&quot;,&quot;size&quot;:15,&quot;sizes&quot;:[]},&quot;lazyload&quot;:&quot;yes&quot;,&quot;ideal_row_height&quot;:{&quot;unit&quot;:&quot;px&quot;,&quot;size&quot;:200,&quot;sizes&quot;:[]},&quot;ideal_row_height_tablet&quot;:{&quot;unit&quot;:&quot;px&quot;,&quot;size&quot;:150,&quot;sizes&quot;:[]},&quot;ideal_row_height_mobile&quot;:{&quot;unit&quot;:&quot;px&quot;,&quot;size&quot;:150,&quot;sizes&quot;:[]},&quot;gap_tablet&quot;:{&quot;unit&quot;:&quot;px&quot;,&quot;size&quot;:10,&quot;sizes&quot;:[]},&quot;gap_mobile&quot;:{&quot;unit&quot;:&quot;px&quot;,&quot;size&quot;:10,&quot;sizes&quot;:[]},&quot;link_to&quot;:&quot;file&quot;,&quot;overlay_background&quot;:&quot;yes&quot;,&quot;content_hover_animation&quot;:&quot;fade-in&quot;}\" data-widget_type=\"gallery.default\">\n\t\t\t\t<div class=\"elementor-widget-container\">\n\t\t\t\t\t\t\t<div class=\"elementor-gallery__container\">\n\t\t\t\t\t\t\t<a class=\"e-gallery-item elementor-gallery-item elementor-animated-content\" href=\"https:\/\/lesdocsdenoirmoutier.fr\/wp-content\/uploads\/2024\/02\/selection_1_Sarah_Braeck_Page_2_Image_0008.jpg\" data-elementor-open-lightbox=\"yes\" data-elementor-lightbox-slideshow=\"0e60d8b\" data-elementor-lightbox-title=\"Sarah Braeck - Les courants de lumi\u00e8re\" data-e-action-hash=\"#elementor-action%3Aaction%3Dlightbox%26settings%3DeyJpZCI6NTM5NCwidXJsIjoiaHR0cHM6XC9cL2xlc2RvY3NkZW5vaXJtb3V0aWVyLmZyXC93cC1jb250ZW50XC91cGxvYWRzXC8yMDI0XC8wMlwvc2VsZWN0aW9uXzFfU2FyYWhfQnJhZWNrX1BhZ2VfMl9JbWFnZV8wMDA4LmpwZyIsInNsaWRlc2hvdyI6IjBlNjBkOGIifQ%3D%3D\">\n\t\t\t\t\t<div class=\"e-gallery-image elementor-gallery-item__image\" data-thumbnail=\"https:\/\/lesdocsdenoirmoutier.fr\/wp-content\/uploads\/2024\/02\/selection_1_Sarah_Braeck_Page_2_Image_0008.jpg\" data-width=\"353\" data-height=\"526\" aria-label=\"\" role=\"img\" ><\/div>\n\t\t\t\t\t\t\t\t\t\t\t<div class=\"elementor-gallery-item__overlay\"><\/div>\n\t\t\t\t\t\t\t\t\t\t\t\t\t\t<\/a>\n\t\t\t\t\t\t\t<a class=\"e-gallery-item elementor-gallery-item elementor-animated-content\" href=\"https:\/\/lesdocsdenoirmoutier.fr\/wp-content\/uploads\/2024\/02\/selection_1_Sarah_Braeck_Page_1_Image_0002-1.jpg\" data-elementor-open-lightbox=\"yes\" data-elementor-lightbox-slideshow=\"0e60d8b\" data-elementor-lightbox-title=\"Sarah Braeck - Les courants de lumi\u00e8re\" data-e-action-hash=\"#elementor-action%3Aaction%3Dlightbox%26settings%3DeyJpZCI6NTM5NSwidXJsIjoiaHR0cHM6XC9cL2xlc2RvY3NkZW5vaXJtb3V0aWVyLmZyXC93cC1jb250ZW50XC91cGxvYWRzXC8yMDI0XC8wMlwvc2VsZWN0aW9uXzFfU2FyYWhfQnJhZWNrX1BhZ2VfMV9JbWFnZV8wMDAyLTEuanBnIiwic2xpZGVzaG93IjoiMGU2MGQ4YiJ9\">\n\t\t\t\t\t<div class=\"e-gallery-image elementor-gallery-item__image\" data-thumbnail=\"https:\/\/lesdocsdenoirmoutier.fr\/wp-content\/uploads\/2024\/02\/selection_1_Sarah_Braeck_Page_1_Image_0002-1-768x515.jpg\" data-width=\"768\" data-height=\"515\" aria-label=\"\" role=\"img\" ><\/div>\n\t\t\t\t\t\t\t\t\t\t\t<div class=\"elementor-gallery-item__overlay\"><\/div>\n\t\t\t\t\t\t\t\t\t\t\t\t\t\t<\/a>\n\t\t\t\t\t\t\t<a class=\"e-gallery-item elementor-gallery-item elementor-animated-content\" href=\"https:\/\/lesdocsdenoirmoutier.fr\/wp-content\/uploads\/2024\/02\/selection_1_Sarah_Braeck_Page_2_Image_0010.jpg\" data-elementor-open-lightbox=\"yes\" data-elementor-lightbox-slideshow=\"0e60d8b\" data-elementor-lightbox-title=\"Sarah Braeck - Les courants de lumi\u00e8re\" data-e-action-hash=\"#elementor-action%3Aaction%3Dlightbox%26settings%3DeyJpZCI6NTM5MiwidXJsIjoiaHR0cHM6XC9cL2xlc2RvY3NkZW5vaXJtb3V0aWVyLmZyXC93cC1jb250ZW50XC91cGxvYWRzXC8yMDI0XC8wMlwvc2VsZWN0aW9uXzFfU2FyYWhfQnJhZWNrX1BhZ2VfMl9JbWFnZV8wMDEwLmpwZyIsInNsaWRlc2hvdyI6IjBlNjBkOGIifQ%3D%3D\">\n\t\t\t\t\t<div class=\"e-gallery-image elementor-gallery-item__image\" data-thumbnail=\"https:\/\/lesdocsdenoirmoutier.fr\/wp-content\/uploads\/2024\/02\/selection_1_Sarah_Braeck_Page_2_Image_0010.jpg\" data-width=\"493\" data-height=\"753\" aria-label=\"\" role=\"img\" ><\/div>\n\t\t\t\t\t\t\t\t\t\t\t<div class=\"elementor-gallery-item__overlay\"><\/div>\n\t\t\t\t\t\t\t\t\t\t\t\t\t\t<\/a>\n\t\t\t\t\t\t\t<a class=\"e-gallery-item elementor-gallery-item elementor-animated-content\" href=\"https:\/\/lesdocsdenoirmoutier.fr\/wp-content\/uploads\/2024\/02\/selection_1_Sarah_Braeck_Page_2_Image_0003.jpg\" data-elementor-open-lightbox=\"yes\" data-elementor-lightbox-slideshow=\"0e60d8b\" data-elementor-lightbox-title=\"Sarah Braeck - Les courants de lumi\u00e8re\" data-e-action-hash=\"#elementor-action%3Aaction%3Dlightbox%26settings%3DeyJpZCI6NTM5MywidXJsIjoiaHR0cHM6XC9cL2xlc2RvY3NkZW5vaXJtb3V0aWVyLmZyXC93cC1jb250ZW50XC91cGxvYWRzXC8yMDI0XC8wMlwvc2VsZWN0aW9uXzFfU2FyYWhfQnJhZWNrX1BhZ2VfMl9JbWFnZV8wMDAzLmpwZyIsInNsaWRlc2hvdyI6IjBlNjBkOGIifQ%3D%3D\">\n\t\t\t\t\t<div class=\"e-gallery-image elementor-gallery-item__image\" data-thumbnail=\"https:\/\/lesdocsdenoirmoutier.fr\/wp-content\/uploads\/2024\/02\/selection_1_Sarah_Braeck_Page_2_Image_0003.jpg\" data-width=\"226\" data-height=\"338\" aria-label=\"\" role=\"img\" ><\/div>\n\t\t\t\t\t\t\t\t\t\t\t<div class=\"elementor-gallery-item__overlay\"><\/div>\n\t\t\t\t\t\t\t\t\t\t\t\t\t\t<\/a>\n\t\t\t\t\t<\/div>\n\t\t\t\t\t<\/div>\n\t\t\t\t<\/div>\n\t\t\t\t\t<\/div>\n\t\t<\/div>\n\t\t\t\t\t<\/div>\n\t\t<\/section>\n\t\t\t\t<section class=\"elementor-section elementor-top-section elementor-element elementor-element-07ee72a elementor-section-boxed elementor-section-height-default elementor-section-height-default\" data-id=\"07ee72a\" data-element_type=\"section\">\n\t\t\t\t\t\t<div class=\"elementor-container elementor-column-gap-default\">\n\t\t\t\t\t<div class=\"elementor-column elementor-col-100 elementor-top-column elementor-element elementor-element-aab7c5b\" data-id=\"aab7c5b\" data-element_type=\"column\">\n\t\t\t<div class=\"elementor-widget-wrap elementor-element-populated\">\n\t\t\t\t\t\t<div class=\"elementor-element elementor-element-276d9af elementor-widget-divider--view-line elementor-widget elementor-widget-divider\" data-id=\"276d9af\" data-element_type=\"widget\" data-widget_type=\"divider.default\">\n\t\t\t\t<div class=\"elementor-widget-container\">\n\t\t\t\t\t\t\t<div class=\"elementor-divider\">\n\t\t\t<span class=\"elementor-divider-separator\">\n\t\t\t\t\t\t<\/span>\n\t\t<\/div>\n\t\t\t\t\t\t<\/div>\n\t\t\t\t<\/div>\n\t\t\t\t<div class=\"elementor-element elementor-element-3990d14 elementor-widget elementor-widget-heading\" data-id=\"3990d14\" data-element_type=\"widget\" data-widget_type=\"heading.default\">\n\t\t\t\t<div class=\"elementor-widget-container\">\n\t\t\t\t\t<h2 class=\"elementor-heading-title elementor-size-default\">Dans la m\u00eame exposition<\/h2>\t\t\t\t<\/div>\n\t\t\t\t<\/div>\n\t\t\t\t<div class=\"elementor-element elementor-element-8869059 elementor-grid-3 elementor-grid-tablet-2 elementor-grid-mobile-1 elementor-widget elementor-widget-portfolio\" data-id=\"8869059\" data-element_type=\"widget\" data-settings=\"{&quot;row_gap&quot;:{&quot;unit&quot;:&quot;px&quot;,&quot;size&quot;:15,&quot;sizes&quot;:[]},&quot;columns&quot;:&quot;3&quot;,&quot;columns_tablet&quot;:&quot;2&quot;,&quot;columns_mobile&quot;:&quot;1&quot;,&quot;item_ratio&quot;:{&quot;unit&quot;:&quot;px&quot;,&quot;size&quot;:0.66,&quot;sizes&quot;:[]},&quot;item_gap&quot;:{&quot;unit&quot;:&quot;px&quot;,&quot;size&quot;:&quot;&quot;,&quot;sizes&quot;:[]}}\" data-widget_type=\"portfolio.default\">\n\t\t\t\t<div class=\"elementor-widget-container\">\n\t\t\t\t\t\t\t<div class=\"elementor-portfolio elementor-grid elementor-posts-container\">\n\t\t\t\t<article class=\"elementor-portfolio-item elementor-post  post-5418 post type-post status-publish format-standard has-post-thumbnail hentry category-exposition-photographique-2024\">\n\t\t\t<a class=\"elementor-post__thumbnail__link\" href=\"https:\/\/lesdocsdenoirmoutier.fr\/?p=5418\">\n\t\t\t\t<div class=\"elementor-portfolio-item__img elementor-post__thumbnail\">\n\t\t\t<img fetchpriority=\"high\" decoding=\"async\" width=\"300\" height=\"212\" src=\"https:\/\/lesdocsdenoirmoutier.fr\/wp-content\/uploads\/2024\/02\/leslie-moquin-anthotype2-300x212.jpg\" class=\"attachment-medium size-medium wp-image-5420\" alt=\"\" srcset=\"https:\/\/lesdocsdenoirmoutier.fr\/wp-content\/uploads\/2024\/02\/leslie-moquin-anthotype2-300x212.jpg 300w, https:\/\/lesdocsdenoirmoutier.fr\/wp-content\/uploads\/2024\/02\/leslie-moquin-anthotype2-1024x724.jpg 1024w, https:\/\/lesdocsdenoirmoutier.fr\/wp-content\/uploads\/2024\/02\/leslie-moquin-anthotype2-768x543.jpg 768w, https:\/\/lesdocsdenoirmoutier.fr\/wp-content\/uploads\/2024\/02\/leslie-moquin-anthotype2-1536x1086.jpg 1536w, https:\/\/lesdocsdenoirmoutier.fr\/wp-content\/uploads\/2024\/02\/leslie-moquin-anthotype2.jpg 1670w\" sizes=\"(max-width: 300px) 100vw, 300px\" \/>\t\t<\/div>\n\t\t\t\t<div class=\"elementor-portfolio-item__overlay\">\n\t\t\t\t<h3 class=\"elementor-portfolio-item__title\">\n\t\tL&rsquo;hypoth\u00e8se du Rayon Vert &#8211; Leslie Moquin\t\t<\/h3>\n\t\t\t\t<\/div>\n\t\t\t\t<\/a>\n\t\t<\/article>\n\t\t\t\t<article class=\"elementor-portfolio-item elementor-post  post-5405 post type-post status-publish format-standard has-post-thumbnail hentry category-exposition-photographique-2024\">\n\t\t\t<a class=\"elementor-post__thumbnail__link\" href=\"https:\/\/lesdocsdenoirmoutier.fr\/?p=5405\">\n\t\t\t\t<div class=\"elementor-portfolio-item__img elementor-post__thumbnail\">\n\t\t\t<img decoding=\"async\" width=\"220\" height=\"300\" src=\"https:\/\/lesdocsdenoirmoutier.fr\/wp-content\/uploads\/2024\/02\/24-x-30-Algue-verte-220x300.jpg\" class=\"attachment-medium size-medium wp-image-5520\" alt=\"\" srcset=\"https:\/\/lesdocsdenoirmoutier.fr\/wp-content\/uploads\/2024\/02\/24-x-30-Algue-verte-220x300.jpg 220w, https:\/\/lesdocsdenoirmoutier.fr\/wp-content\/uploads\/2024\/02\/24-x-30-Algue-verte-750x1024.jpg 750w, https:\/\/lesdocsdenoirmoutier.fr\/wp-content\/uploads\/2024\/02\/24-x-30-Algue-verte-768x1048.jpg 768w, https:\/\/lesdocsdenoirmoutier.fr\/wp-content\/uploads\/2024\/02\/24-x-30-Algue-verte-1126x1536.jpg 1126w, https:\/\/lesdocsdenoirmoutier.fr\/wp-content\/uploads\/2024\/02\/24-x-30-Algue-verte-1501x2048.jpg 1501w, https:\/\/lesdocsdenoirmoutier.fr\/wp-content\/uploads\/2024\/02\/24-x-30-Algue-verte-scaled.jpg 1876w\" sizes=\"(max-width: 220px) 100vw, 220px\" \/>\t\t<\/div>\n\t\t\t\t<div class=\"elementor-portfolio-item__overlay\">\n\t\t\t\t<h3 class=\"elementor-portfolio-item__title\">\n\t\tCristaux Liquides &#8211; Carole Thibaud\t\t<\/h3>\n\t\t\t\t<\/div>\n\t\t\t\t<\/a>\n\t\t<\/article>\n\t\t\t\t<article class=\"elementor-portfolio-item elementor-post  post-5356 post type-post status-publish format-standard has-post-thumbnail hentry category-exposition-photographique-2024\">\n\t\t\t<a class=\"elementor-post__thumbnail__link\" href=\"https:\/\/lesdocsdenoirmoutier.fr\/?p=5356\">\n\t\t\t\t<div class=\"elementor-portfolio-item__img elementor-post__thumbnail\">\n\t\t\t<img decoding=\"async\" width=\"300\" height=\"199\" src=\"https:\/\/lesdocsdenoirmoutier.fr\/wp-content\/uploads\/2024\/02\/Alice-Pallot_Algues_maudites_noir_moutier_Page_04_Image_0001-300x199.jpg\" class=\"attachment-medium size-medium wp-image-5360\" alt=\"\" srcset=\"https:\/\/lesdocsdenoirmoutier.fr\/wp-content\/uploads\/2024\/02\/Alice-Pallot_Algues_maudites_noir_moutier_Page_04_Image_0001-300x199.jpg 300w, https:\/\/lesdocsdenoirmoutier.fr\/wp-content\/uploads\/2024\/02\/Alice-Pallot_Algues_maudites_noir_moutier_Page_04_Image_0001-1024x679.jpg 1024w, https:\/\/lesdocsdenoirmoutier.fr\/wp-content\/uploads\/2024\/02\/Alice-Pallot_Algues_maudites_noir_moutier_Page_04_Image_0001-768x509.jpg 768w, https:\/\/lesdocsdenoirmoutier.fr\/wp-content\/uploads\/2024\/02\/Alice-Pallot_Algues_maudites_noir_moutier_Page_04_Image_0001-1536x1019.jpg 1536w, https:\/\/lesdocsdenoirmoutier.fr\/wp-content\/uploads\/2024\/02\/Alice-Pallot_Algues_maudites_noir_moutier_Page_04_Image_0001.jpg 1544w\" sizes=\"(max-width: 300px) 100vw, 300px\" \/>\t\t<\/div>\n\t\t\t\t<div class=\"elementor-portfolio-item__overlay\">\n\t\t\t\t<h3 class=\"elementor-portfolio-item__title\">\n\t\tAlgues Maudites &#8211; Alice Pallot\t\t<\/h3>\n\t\t\t\t<\/div>\n\t\t\t\t<\/a>\n\t\t<\/article>\n\t\t\t\t<\/div>\n\t\t\t\t\t\t<\/div>\n\t\t\t\t<\/div>\n\t\t\t\t\t<\/div>\n\t\t<\/div>\n\t\t\t\t\t<\/div>\n\t\t<\/section>\n\t\t\t\t<\/div>\n\t\t","protected":false},"excerpt":{"rendered":"<p>Les courants de lumi\u00e8re de Sarah Braeck est un conte biologique qui met en image le processus de captation du carbone contenu dans l\u2019atmosph\u00e8re par les for\u00eats sous-marines. L\u2019\u00e9tude des organismes marins, bien que menac\u00e9s par le r\u00e9chauffement et l&rsquo;acidification des oc\u00e9ans, a fait \u00e9merger des espoirs chez les scientifiques de l\u2019Institut Max Planck. Le&#8230;<\/p>\n","protected":false},"author":1,"featured_media":5391,"comment_status":"closed","ping_status":"open","sticky":false,"template":"","format":"standard","meta":{"_mo_disable_npp":"","_kad_post_transparent":"","_kad_post_title":"","_kad_post_layout":"","_kad_post_sidebar_id":"","_kad_post_content_style":"","_kad_post_vertical_padding":"","_kad_post_feature":"","_kad_post_feature_position":"","_kad_post_header":false,"_kad_post_footer":false,"footnotes":""},"categories":[32],"tags":[],"class_list":["post-5389","post","type-post","status-publish","format-standard","has-post-thumbnail","hentry","category-exposition-photographique-2024"],"yoast_head":"<!-- This site is optimized with the Yoast SEO plugin v27.4 - https:\/\/yoast.com\/product\/yoast-seo-wordpress\/ -->\n<title>Les Courants de Lumi\u00e8re - Sarah Braeck - Les Docs de Noirmoutier<\/title>\n<meta name=\"robots\" content=\"index, follow, max-snippet:-1, max-image-preview:large, max-video-preview:-1\" \/>\n<link rel=\"canonical\" href=\"https:\/\/lesdocsdenoirmoutier.fr\/?p=5389\" \/>\n<meta property=\"og:locale\" content=\"fr_FR\" \/>\n<meta property=\"og:type\" content=\"article\" \/>\n<meta property=\"og:title\" content=\"Les Courants de Lumi\u00e8re - Sarah Braeck - Les Docs de Noirmoutier\" \/>\n<meta property=\"og:description\" content=\"Les courants de lumi\u00e8re de Sarah Braeck est un conte biologique qui met en image le processus de captation du carbone contenu dans l\u2019atmosph\u00e8re par les for\u00eats sous-marines. L\u2019\u00e9tude des organismes marins, bien que menac\u00e9s par le r\u00e9chauffement et l&rsquo;acidification des oc\u00e9ans, a fait \u00e9merger des espoirs chez les scientifiques de l\u2019Institut Max Planck. Le...\" \/>\n<meta property=\"og:url\" content=\"https:\/\/lesdocsdenoirmoutier.fr\/?p=5389\" \/>\n<meta property=\"og:site_name\" content=\"Les Docs de Noirmoutier\" \/>\n<meta property=\"article:publisher\" content=\"https:\/\/www.facebook.com\/lesdocsdenoirmoutier\" \/>\n<meta property=\"article:published_time\" content=\"2024-02-23T17:08:09+00:00\" \/>\n<meta property=\"article:modified_time\" content=\"2024-02-23T17:33:29+00:00\" \/>\n<meta property=\"og:image\" content=\"https:\/\/lesdocsdenoirmoutier.fr\/wp-content\/uploads\/2024\/02\/selection_1_Sarah_Braeck_Page_1_Image_0002.jpg\" \/>\n\t<meta property=\"og:image:width\" content=\"796\" \/>\n\t<meta property=\"og:image:height\" content=\"534\" \/>\n\t<meta property=\"og:image:type\" content=\"image\/jpeg\" \/>\n<meta name=\"author\" content=\"admin4678\" \/>\n<meta name=\"twitter:card\" content=\"summary_large_image\" \/>\n<meta name=\"twitter:label1\" content=\"\u00c9crit par\" \/>\n\t<meta name=\"twitter:data1\" content=\"admin4678\" \/>\n\t<meta name=\"twitter:label2\" content=\"Dur\u00e9e de lecture estim\u00e9e\" \/>\n\t<meta name=\"twitter:data2\" content=\"2 minutes\" \/>\n<script type=\"application\/ld+json\" class=\"yoast-schema-graph\">{\"@context\":\"https:\\\/\\\/schema.org\",\"@graph\":[{\"@type\":\"Article\",\"@id\":\"https:\\\/\\\/lesdocsdenoirmoutier.fr\\\/?p=5389#article\",\"isPartOf\":{\"@id\":\"https:\\\/\\\/lesdocsdenoirmoutier.fr\\\/?p=5389\"},\"author\":{\"name\":\"admin4678\",\"@id\":\"https:\\\/\\\/lesdocsdenoirmoutier.fr\\\/#\\\/schema\\\/person\\\/3db3bf5ee73eb951ed24ea0d9e98627b\"},\"headline\":\"Les Courants de Lumi\u00e8re &#8211; Sarah Braeck\",\"datePublished\":\"2024-02-23T17:08:09+00:00\",\"dateModified\":\"2024-02-23T17:33:29+00:00\",\"mainEntityOfPage\":{\"@id\":\"https:\\\/\\\/lesdocsdenoirmoutier.fr\\\/?p=5389\"},\"wordCount\":139,\"publisher\":{\"@id\":\"https:\\\/\\\/lesdocsdenoirmoutier.fr\\\/#organization\"},\"image\":{\"@id\":\"https:\\\/\\\/lesdocsdenoirmoutier.fr\\\/?p=5389#primaryimage\"},\"thumbnailUrl\":\"https:\\\/\\\/lesdocsdenoirmoutier.fr\\\/wp-content\\\/uploads\\\/2024\\\/02\\\/selection_1_Sarah_Braeck_Page_1_Image_0002.jpg\",\"articleSection\":[\"Exposition photographique 2024\"],\"inLanguage\":\"fr-FR\"},{\"@type\":\"WebPage\",\"@id\":\"https:\\\/\\\/lesdocsdenoirmoutier.fr\\\/?p=5389\",\"url\":\"https:\\\/\\\/lesdocsdenoirmoutier.fr\\\/?p=5389\",\"name\":\"Les Courants de Lumi\u00e8re - Sarah Braeck - Les Docs de Noirmoutier\",\"isPartOf\":{\"@id\":\"https:\\\/\\\/lesdocsdenoirmoutier.fr\\\/#website\"},\"primaryImageOfPage\":{\"@id\":\"https:\\\/\\\/lesdocsdenoirmoutier.fr\\\/?p=5389#primaryimage\"},\"image\":{\"@id\":\"https:\\\/\\\/lesdocsdenoirmoutier.fr\\\/?p=5389#primaryimage\"},\"thumbnailUrl\":\"https:\\\/\\\/lesdocsdenoirmoutier.fr\\\/wp-content\\\/uploads\\\/2024\\\/02\\\/selection_1_Sarah_Braeck_Page_1_Image_0002.jpg\",\"datePublished\":\"2024-02-23T17:08:09+00:00\",\"dateModified\":\"2024-02-23T17:33:29+00:00\",\"breadcrumb\":{\"@id\":\"https:\\\/\\\/lesdocsdenoirmoutier.fr\\\/?p=5389#breadcrumb\"},\"inLanguage\":\"fr-FR\",\"potentialAction\":[{\"@type\":\"ReadAction\",\"target\":[\"https:\\\/\\\/lesdocsdenoirmoutier.fr\\\/?p=5389\"]}]},{\"@type\":\"ImageObject\",\"inLanguage\":\"fr-FR\",\"@id\":\"https:\\\/\\\/lesdocsdenoirmoutier.fr\\\/?p=5389#primaryimage\",\"url\":\"https:\\\/\\\/lesdocsdenoirmoutier.fr\\\/wp-content\\\/uploads\\\/2024\\\/02\\\/selection_1_Sarah_Braeck_Page_1_Image_0002.jpg\",\"contentUrl\":\"https:\\\/\\\/lesdocsdenoirmoutier.fr\\\/wp-content\\\/uploads\\\/2024\\\/02\\\/selection_1_Sarah_Braeck_Page_1_Image_0002.jpg\",\"width\":796,\"height\":534},{\"@type\":\"BreadcrumbList\",\"@id\":\"https:\\\/\\\/lesdocsdenoirmoutier.fr\\\/?p=5389#breadcrumb\",\"itemListElement\":[{\"@type\":\"ListItem\",\"position\":1,\"name\":\"Accueil\",\"item\":\"https:\\\/\\\/lesdocsdenoirmoutier.fr\\\/\"},{\"@type\":\"ListItem\",\"position\":2,\"name\":\"Les Courants de Lumi\u00e8re &#8211; Sarah Braeck\"}]},{\"@type\":\"WebSite\",\"@id\":\"https:\\\/\\\/lesdocsdenoirmoutier.fr\\\/#website\",\"url\":\"https:\\\/\\\/lesdocsdenoirmoutier.fr\\\/\",\"name\":\"Les Docs de Noirmoutier\",\"description\":\"Festival de Documentaires sur l\u2019\u00eele de Noirmoutier\",\"publisher\":{\"@id\":\"https:\\\/\\\/lesdocsdenoirmoutier.fr\\\/#organization\"},\"potentialAction\":[{\"@type\":\"SearchAction\",\"target\":{\"@type\":\"EntryPoint\",\"urlTemplate\":\"https:\\\/\\\/lesdocsdenoirmoutier.fr\\\/?s={search_term_string}\"},\"query-input\":{\"@type\":\"PropertyValueSpecification\",\"valueRequired\":true,\"valueName\":\"search_term_string\"}}],\"inLanguage\":\"fr-FR\"},{\"@type\":\"Organization\",\"@id\":\"https:\\\/\\\/lesdocsdenoirmoutier.fr\\\/#organization\",\"name\":\"Les Docs de Noirmoutier\",\"url\":\"https:\\\/\\\/lesdocsdenoirmoutier.fr\\\/\",\"logo\":{\"@type\":\"ImageObject\",\"inLanguage\":\"fr-FR\",\"@id\":\"https:\\\/\\\/lesdocsdenoirmoutier.fr\\\/#\\\/schema\\\/logo\\\/image\\\/\",\"url\":\"https:\\\/\\\/lesdocsdenoirmoutier.fr\\\/wp-content\\\/uploads\\\/2021\\\/05\\\/cropped-HD_LES-DOCS-DE-NOIRMOUTIERS_Logo_RVB_Fond-Clair-1.png\",\"contentUrl\":\"https:\\\/\\\/lesdocsdenoirmoutier.fr\\\/wp-content\\\/uploads\\\/2021\\\/05\\\/cropped-HD_LES-DOCS-DE-NOIRMOUTIERS_Logo_RVB_Fond-Clair-1.png\",\"width\":7064,\"height\":3098,\"caption\":\"Les Docs de Noirmoutier\"},\"image\":{\"@id\":\"https:\\\/\\\/lesdocsdenoirmoutier.fr\\\/#\\\/schema\\\/logo\\\/image\\\/\"},\"sameAs\":[\"https:\\\/\\\/www.facebook.com\\\/lesdocsdenoirmoutier\",\"https:\\\/\\\/www.instagram.com\\\/lesdocsdenoirmoutier\\\/\"]},{\"@type\":\"Person\",\"@id\":\"https:\\\/\\\/lesdocsdenoirmoutier.fr\\\/#\\\/schema\\\/person\\\/3db3bf5ee73eb951ed24ea0d9e98627b\",\"name\":\"admin4678\",\"image\":{\"@type\":\"ImageObject\",\"inLanguage\":\"fr-FR\",\"@id\":\"https:\\\/\\\/secure.gravatar.com\\\/avatar\\\/b520d5e41659568023111d5686799beea5df4961a1859e2bae64da9391901a45?s=96&d=mm&r=g\",\"url\":\"https:\\\/\\\/secure.gravatar.com\\\/avatar\\\/b520d5e41659568023111d5686799beea5df4961a1859e2bae64da9391901a45?s=96&d=mm&r=g\",\"contentUrl\":\"https:\\\/\\\/secure.gravatar.com\\\/avatar\\\/b520d5e41659568023111d5686799beea5df4961a1859e2bae64da9391901a45?s=96&d=mm&r=g\",\"caption\":\"admin4678\"},\"sameAs\":[\"http:\\\/\\\/lesdocsdenoirmoutier.fr\"],\"url\":\"https:\\\/\\\/lesdocsdenoirmoutier.fr\\\/?author=1\"}]}<\/script>\n<!-- \/ Yoast SEO plugin. -->","yoast_head_json":{"title":"Les Courants de Lumi\u00e8re - Sarah Braeck - Les Docs de Noirmoutier","robots":{"index":"index","follow":"follow","max-snippet":"max-snippet:-1","max-image-preview":"max-image-preview:large","max-video-preview":"max-video-preview:-1"},"canonical":"https:\/\/lesdocsdenoirmoutier.fr\/?p=5389","og_locale":"fr_FR","og_type":"article","og_title":"Les Courants de Lumi\u00e8re - Sarah Braeck - Les Docs de Noirmoutier","og_description":"Les courants de lumi\u00e8re de Sarah Braeck est un conte biologique qui met en image le processus de captation du carbone contenu dans l\u2019atmosph\u00e8re par les for\u00eats sous-marines. L\u2019\u00e9tude des organismes marins, bien que menac\u00e9s par le r\u00e9chauffement et l&rsquo;acidification des oc\u00e9ans, a fait \u00e9merger des espoirs chez les scientifiques de l\u2019Institut Max Planck. Le...","og_url":"https:\/\/lesdocsdenoirmoutier.fr\/?p=5389","og_site_name":"Les Docs de Noirmoutier","article_publisher":"https:\/\/www.facebook.com\/lesdocsdenoirmoutier","article_published_time":"2024-02-23T17:08:09+00:00","article_modified_time":"2024-02-23T17:33:29+00:00","og_image":[{"width":796,"height":534,"url":"https:\/\/lesdocsdenoirmoutier.fr\/wp-content\/uploads\/2024\/02\/selection_1_Sarah_Braeck_Page_1_Image_0002.jpg","type":"image\/jpeg"}],"author":"admin4678","twitter_card":"summary_large_image","twitter_misc":{"\u00c9crit par":"admin4678","Dur\u00e9e de lecture estim\u00e9e":"2 minutes"},"schema":{"@context":"https:\/\/schema.org","@graph":[{"@type":"Article","@id":"https:\/\/lesdocsdenoirmoutier.fr\/?p=5389#article","isPartOf":{"@id":"https:\/\/lesdocsdenoirmoutier.fr\/?p=5389"},"author":{"name":"admin4678","@id":"https:\/\/lesdocsdenoirmoutier.fr\/#\/schema\/person\/3db3bf5ee73eb951ed24ea0d9e98627b"},"headline":"Les Courants de Lumi\u00e8re &#8211; Sarah Braeck","datePublished":"2024-02-23T17:08:09+00:00","dateModified":"2024-02-23T17:33:29+00:00","mainEntityOfPage":{"@id":"https:\/\/lesdocsdenoirmoutier.fr\/?p=5389"},"wordCount":139,"publisher":{"@id":"https:\/\/lesdocsdenoirmoutier.fr\/#organization"},"image":{"@id":"https:\/\/lesdocsdenoirmoutier.fr\/?p=5389#primaryimage"},"thumbnailUrl":"https:\/\/lesdocsdenoirmoutier.fr\/wp-content\/uploads\/2024\/02\/selection_1_Sarah_Braeck_Page_1_Image_0002.jpg","articleSection":["Exposition photographique 2024"],"inLanguage":"fr-FR"},{"@type":"WebPage","@id":"https:\/\/lesdocsdenoirmoutier.fr\/?p=5389","url":"https:\/\/lesdocsdenoirmoutier.fr\/?p=5389","name":"Les Courants de Lumi\u00e8re - Sarah Braeck - Les Docs de Noirmoutier","isPartOf":{"@id":"https:\/\/lesdocsdenoirmoutier.fr\/#website"},"primaryImageOfPage":{"@id":"https:\/\/lesdocsdenoirmoutier.fr\/?p=5389#primaryimage"},"image":{"@id":"https:\/\/lesdocsdenoirmoutier.fr\/?p=5389#primaryimage"},"thumbnailUrl":"https:\/\/lesdocsdenoirmoutier.fr\/wp-content\/uploads\/2024\/02\/selection_1_Sarah_Braeck_Page_1_Image_0002.jpg","datePublished":"2024-02-23T17:08:09+00:00","dateModified":"2024-02-23T17:33:29+00:00","breadcrumb":{"@id":"https:\/\/lesdocsdenoirmoutier.fr\/?p=5389#breadcrumb"},"inLanguage":"fr-FR","potentialAction":[{"@type":"ReadAction","target":["https:\/\/lesdocsdenoirmoutier.fr\/?p=5389"]}]},{"@type":"ImageObject","inLanguage":"fr-FR","@id":"https:\/\/lesdocsdenoirmoutier.fr\/?p=5389#primaryimage","url":"https:\/\/lesdocsdenoirmoutier.fr\/wp-content\/uploads\/2024\/02\/selection_1_Sarah_Braeck_Page_1_Image_0002.jpg","contentUrl":"https:\/\/lesdocsdenoirmoutier.fr\/wp-content\/uploads\/2024\/02\/selection_1_Sarah_Braeck_Page_1_Image_0002.jpg","width":796,"height":534},{"@type":"BreadcrumbList","@id":"https:\/\/lesdocsdenoirmoutier.fr\/?p=5389#breadcrumb","itemListElement":[{"@type":"ListItem","position":1,"name":"Accueil","item":"https:\/\/lesdocsdenoirmoutier.fr\/"},{"@type":"ListItem","position":2,"name":"Les Courants de Lumi\u00e8re &#8211; Sarah Braeck"}]},{"@type":"WebSite","@id":"https:\/\/lesdocsdenoirmoutier.fr\/#website","url":"https:\/\/lesdocsdenoirmoutier.fr\/","name":"Les Docs de Noirmoutier","description":"Festival de Documentaires sur l\u2019\u00eele de Noirmoutier","publisher":{"@id":"https:\/\/lesdocsdenoirmoutier.fr\/#organization"},"potentialAction":[{"@type":"SearchAction","target":{"@type":"EntryPoint","urlTemplate":"https:\/\/lesdocsdenoirmoutier.fr\/?s={search_term_string}"},"query-input":{"@type":"PropertyValueSpecification","valueRequired":true,"valueName":"search_term_string"}}],"inLanguage":"fr-FR"},{"@type":"Organization","@id":"https:\/\/lesdocsdenoirmoutier.fr\/#organization","name":"Les Docs de Noirmoutier","url":"https:\/\/lesdocsdenoirmoutier.fr\/","logo":{"@type":"ImageObject","inLanguage":"fr-FR","@id":"https:\/\/lesdocsdenoirmoutier.fr\/#\/schema\/logo\/image\/","url":"https:\/\/lesdocsdenoirmoutier.fr\/wp-content\/uploads\/2021\/05\/cropped-HD_LES-DOCS-DE-NOIRMOUTIERS_Logo_RVB_Fond-Clair-1.png","contentUrl":"https:\/\/lesdocsdenoirmoutier.fr\/wp-content\/uploads\/2021\/05\/cropped-HD_LES-DOCS-DE-NOIRMOUTIERS_Logo_RVB_Fond-Clair-1.png","width":7064,"height":3098,"caption":"Les Docs de Noirmoutier"},"image":{"@id":"https:\/\/lesdocsdenoirmoutier.fr\/#\/schema\/logo\/image\/"},"sameAs":["https:\/\/www.facebook.com\/lesdocsdenoirmoutier","https:\/\/www.instagram.com\/lesdocsdenoirmoutier\/"]},{"@type":"Person","@id":"https:\/\/lesdocsdenoirmoutier.fr\/#\/schema\/person\/3db3bf5ee73eb951ed24ea0d9e98627b","name":"admin4678","image":{"@type":"ImageObject","inLanguage":"fr-FR","@id":"https:\/\/secure.gravatar.com\/avatar\/b520d5e41659568023111d5686799beea5df4961a1859e2bae64da9391901a45?s=96&d=mm&r=g","url":"https:\/\/secure.gravatar.com\/avatar\/b520d5e41659568023111d5686799beea5df4961a1859e2bae64da9391901a45?s=96&d=mm&r=g","contentUrl":"https:\/\/secure.gravatar.com\/avatar\/b520d5e41659568023111d5686799beea5df4961a1859e2bae64da9391901a45?s=96&d=mm&r=g","caption":"admin4678"},"sameAs":["http:\/\/lesdocsdenoirmoutier.fr"],"url":"https:\/\/lesdocsdenoirmoutier.fr\/?author=1"}]}},"_links":{"self":[{"href":"https:\/\/lesdocsdenoirmoutier.fr\/index.php?rest_route=\/wp\/v2\/posts\/5389","targetHints":{"allow":["GET"]}}],"collection":[{"href":"https:\/\/lesdocsdenoirmoutier.fr\/index.php?rest_route=\/wp\/v2\/posts"}],"about":[{"href":"https:\/\/lesdocsdenoirmoutier.fr\/index.php?rest_route=\/wp\/v2\/types\/post"}],"author":[{"embeddable":true,"href":"https:\/\/lesdocsdenoirmoutier.fr\/index.php?rest_route=\/wp\/v2\/users\/1"}],"replies":[{"embeddable":true,"href":"https:\/\/lesdocsdenoirmoutier.fr\/index.php?rest_route=%2Fwp%2Fv2%2Fcomments&post=5389"}],"version-history":[{"count":13,"href":"https:\/\/lesdocsdenoirmoutier.fr\/index.php?rest_route=\/wp\/v2\/posts\/5389\/revisions"}],"predecessor-version":[{"id":5449,"href":"https:\/\/lesdocsdenoirmoutier.fr\/index.php?rest_route=\/wp\/v2\/posts\/5389\/revisions\/5449"}],"wp:featuredmedia":[{"embeddable":true,"href":"https:\/\/lesdocsdenoirmoutier.fr\/index.php?rest_route=\/wp\/v2\/media\/5391"}],"wp:attachment":[{"href":"https:\/\/lesdocsdenoirmoutier.fr\/index.php?rest_route=%2Fwp%2Fv2%2Fmedia&parent=5389"}],"wp:term":[{"taxonomy":"category","embeddable":true,"href":"https:\/\/lesdocsdenoirmoutier.fr\/index.php?rest_route=%2Fwp%2Fv2%2Fcategories&post=5389"},{"taxonomy":"post_tag","embeddable":true,"href":"https:\/\/lesdocsdenoirmoutier.fr\/index.php?rest_route=%2Fwp%2Fv2%2Ftags&post=5389"}],"curies":[{"name":"wp","href":"https:\/\/api.w.org\/{rel}","templated":true}]}}