{"id":5418,"date":"2024-02-23T18:18:31","date_gmt":"2024-02-23T17:18:31","guid":{"rendered":"https:\/\/lesdocsdenoirmoutier.fr\/?p=5418"},"modified":"2024-02-23T18:31:24","modified_gmt":"2024-02-23T17:31:24","slug":"lesliemoquin","status":"publish","type":"post","link":"https:\/\/lesdocsdenoirmoutier.fr\/?p=5418","title":{"rendered":"L&rsquo;hypoth\u00e8se du Rayon Vert &#8211; Leslie Moquin"},"content":{"rendered":"\t\t<div data-elementor-type=\"wp-post\" data-elementor-id=\"5418\" class=\"elementor elementor-5418\" data-elementor-post-type=\"post\">\n\t\t\t\t\t\t<section class=\"elementor-section elementor-top-section elementor-element elementor-element-bbd2775 elementor-section-boxed elementor-section-height-default elementor-section-height-default\" data-id=\"bbd2775\" data-element_type=\"section\">\n\t\t\t\t\t\t<div class=\"elementor-container elementor-column-gap-default\">\n\t\t\t\t\t<div class=\"elementor-column elementor-col-100 elementor-top-column elementor-element elementor-element-c0f27fe\" data-id=\"c0f27fe\" data-element_type=\"column\">\n\t\t\t<div class=\"elementor-widget-wrap elementor-element-populated\">\n\t\t\t\t\t\t<div class=\"elementor-element elementor-element-ebdd527 elementor-widget elementor-widget-text-editor\" data-id=\"ebdd527\" data-element_type=\"widget\" data-widget_type=\"text-editor.default\">\n\t\t\t\t<div class=\"elementor-widget-container\">\n\t\t\t\t\t\t\t\t\t<p><i><span style=\"font-weight: 400;\">L\u2019hypoth\u00e8se du rayon vert <\/span><\/i><span style=\"font-weight: 400;\">de <a href=\"https:\/\/lesliemoquin.com\/\">Leslie Moquin<\/a> a \u00e9t\u00e9 r\u00e9alis\u00e9e lors d\u2019une r\u00e9sidence \u00e0 bord de la go\u00eblette de la Fondation Tara Oc\u00e9an. <\/span><\/p><p><span style=\"font-weight: 400;\">Comme absorb\u00e9 par la recherche du \u201cRayon Vert\u201d, un ph\u00e9nom\u00e8ne physique tr\u00e8s rare, l\u2019\u00e9quipage est saisi \u00e0 la tomb\u00e9e du jour par une torpeur latente. <\/span><\/p><p><span style=\"font-weight: 400;\">Utilisant l\u2019algaetype, une solution photosensible v\u00e9g\u00e9tale et des photographies r\u00e9alis\u00e9es au microscope, l\u2019artiste \u00e9met l\u2019hypoth\u00e8se que le rayon est si puissant qu\u2019il baigne toute la surface des oc\u00e9ans et ce qui s\u2019y trouve d\u2019une lumi\u00e8re verte. <\/span><\/p><p><span style=\"font-weight: 400;\">Cr\u00e9ant une all\u00e9gorie d\u2019un \u00e9tat transitoire \u00e9cologique, l\u2019artiste repr\u00e9sente quelque chose en train de se jouer. Peut-\u00eatre l\u2019avenir du Vivant.<br \/><\/span><\/p>\t\t\t\t\t\t\t\t<\/div>\n\t\t\t\t<\/div>\n\t\t\t\t\t<\/div>\n\t\t<\/div>\n\t\t\t\t\t<\/div>\n\t\t<\/section>\n\t\t\t\t<section class=\"elementor-section elementor-top-section elementor-element elementor-element-87a85d5 elementor-section-boxed elementor-section-height-default elementor-section-height-default\" data-id=\"87a85d5\" data-element_type=\"section\">\n\t\t\t\t\t\t<div class=\"elementor-container elementor-column-gap-default\">\n\t\t\t\t\t<div class=\"elementor-column elementor-col-100 elementor-top-column elementor-element elementor-element-f18a6e8\" data-id=\"f18a6e8\" data-element_type=\"column\">\n\t\t\t<div class=\"elementor-widget-wrap elementor-element-populated\">\n\t\t\t\t\t\t<div class=\"elementor-element elementor-element-0e60d8b elementor-widget elementor-widget-gallery\" data-id=\"0e60d8b\" data-element_type=\"widget\" data-settings=\"{&quot;gallery_layout&quot;:&quot;justified&quot;,&quot;gap&quot;:{&quot;unit&quot;:&quot;px&quot;,&quot;size&quot;:15,&quot;sizes&quot;:[]},&quot;lazyload&quot;:&quot;yes&quot;,&quot;ideal_row_height&quot;:{&quot;unit&quot;:&quot;px&quot;,&quot;size&quot;:200,&quot;sizes&quot;:[]},&quot;ideal_row_height_tablet&quot;:{&quot;unit&quot;:&quot;px&quot;,&quot;size&quot;:150,&quot;sizes&quot;:[]},&quot;ideal_row_height_mobile&quot;:{&quot;unit&quot;:&quot;px&quot;,&quot;size&quot;:150,&quot;sizes&quot;:[]},&quot;gap_tablet&quot;:{&quot;unit&quot;:&quot;px&quot;,&quot;size&quot;:10,&quot;sizes&quot;:[]},&quot;gap_mobile&quot;:{&quot;unit&quot;:&quot;px&quot;,&quot;size&quot;:10,&quot;sizes&quot;:[]},&quot;link_to&quot;:&quot;file&quot;,&quot;overlay_background&quot;:&quot;yes&quot;,&quot;content_hover_animation&quot;:&quot;fade-in&quot;}\" data-widget_type=\"gallery.default\">\n\t\t\t\t<div class=\"elementor-widget-container\">\n\t\t\t\t\t\t\t<div class=\"elementor-gallery__container\">\n\t\t\t\t\t\t\t<a class=\"e-gallery-item elementor-gallery-item elementor-animated-content\" href=\"https:\/\/lesdocsdenoirmoutier.fr\/wp-content\/uploads\/2024\/02\/leslie-moquin-anthotype2-1.jpg\" data-elementor-open-lightbox=\"yes\" data-elementor-lightbox-slideshow=\"0e60d8b\" data-elementor-lightbox-title=\"Leslie Moquin - L&#039;hypoth\u00e8se du rayon vert\" data-e-action-hash=\"#elementor-action%3Aaction%3Dlightbox%26settings%3DeyJpZCI6NTQyMSwidXJsIjoiaHR0cHM6XC9cL2xlc2RvY3NkZW5vaXJtb3V0aWVyLmZyXC93cC1jb250ZW50XC91cGxvYWRzXC8yMDI0XC8wMlwvbGVzbGllLW1vcXVpbi1hbnRob3R5cGUyLTEuanBnIiwic2xpZGVzaG93IjoiMGU2MGQ4YiJ9\">\n\t\t\t\t\t<div class=\"e-gallery-image elementor-gallery-item__image\" data-thumbnail=\"https:\/\/lesdocsdenoirmoutier.fr\/wp-content\/uploads\/2024\/02\/leslie-moquin-anthotype2-1-768x543.jpg\" data-width=\"768\" data-height=\"543\" aria-label=\"\" role=\"img\" ><\/div>\n\t\t\t\t\t\t\t\t\t\t\t<div class=\"elementor-gallery-item__overlay\"><\/div>\n\t\t\t\t\t\t\t\t\t\t\t\t\t\t<\/a>\n\t\t\t\t\t<\/div>\n\t\t\t\t\t<\/div>\n\t\t\t\t<\/div>\n\t\t\t\t\t<\/div>\n\t\t<\/div>\n\t\t\t\t\t<\/div>\n\t\t<\/section>\n\t\t\t\t<section class=\"elementor-section elementor-top-section elementor-element elementor-element-07ee72a elementor-section-boxed elementor-section-height-default elementor-section-height-default\" data-id=\"07ee72a\" data-element_type=\"section\">\n\t\t\t\t\t\t<div class=\"elementor-container elementor-column-gap-default\">\n\t\t\t\t\t<div class=\"elementor-column elementor-col-100 elementor-top-column elementor-element elementor-element-aab7c5b\" data-id=\"aab7c5b\" data-element_type=\"column\">\n\t\t\t<div class=\"elementor-widget-wrap elementor-element-populated\">\n\t\t\t\t\t\t<div class=\"elementor-element elementor-element-276d9af elementor-widget-divider--view-line elementor-widget elementor-widget-divider\" data-id=\"276d9af\" data-element_type=\"widget\" data-widget_type=\"divider.default\">\n\t\t\t\t<div class=\"elementor-widget-container\">\n\t\t\t\t\t\t\t<div class=\"elementor-divider\">\n\t\t\t<span class=\"elementor-divider-separator\">\n\t\t\t\t\t\t<\/span>\n\t\t<\/div>\n\t\t\t\t\t\t<\/div>\n\t\t\t\t<\/div>\n\t\t\t\t<div class=\"elementor-element elementor-element-3990d14 elementor-widget elementor-widget-heading\" data-id=\"3990d14\" data-element_type=\"widget\" data-widget_type=\"heading.default\">\n\t\t\t\t<div class=\"elementor-widget-container\">\n\t\t\t\t\t<h2 class=\"elementor-heading-title elementor-size-default\">Dans la m\u00eame exposition<\/h2>\t\t\t\t<\/div>\n\t\t\t\t<\/div>\n\t\t\t\t<div class=\"elementor-element elementor-element-8869059 elementor-grid-3 elementor-grid-tablet-2 elementor-grid-mobile-1 elementor-widget elementor-widget-portfolio\" data-id=\"8869059\" data-element_type=\"widget\" data-settings=\"{&quot;row_gap&quot;:{&quot;unit&quot;:&quot;px&quot;,&quot;size&quot;:15,&quot;sizes&quot;:[]},&quot;columns&quot;:&quot;3&quot;,&quot;columns_tablet&quot;:&quot;2&quot;,&quot;columns_mobile&quot;:&quot;1&quot;,&quot;item_ratio&quot;:{&quot;unit&quot;:&quot;px&quot;,&quot;size&quot;:0.66,&quot;sizes&quot;:[]},&quot;item_gap&quot;:{&quot;unit&quot;:&quot;px&quot;,&quot;size&quot;:&quot;&quot;,&quot;sizes&quot;:[]}}\" data-widget_type=\"portfolio.default\">\n\t\t\t\t<div class=\"elementor-widget-container\">\n\t\t\t\t\t\t\t<div class=\"elementor-portfolio elementor-grid elementor-posts-container\">\n\t\t\t\t<article class=\"elementor-portfolio-item elementor-post  post-5389 post type-post status-publish format-standard has-post-thumbnail hentry category-exposition-photographique-2024\">\n\t\t\t<a class=\"elementor-post__thumbnail__link\" href=\"https:\/\/lesdocsdenoirmoutier.fr\/?p=5389\">\n\t\t\t\t<div class=\"elementor-portfolio-item__img elementor-post__thumbnail\">\n\t\t\t<img fetchpriority=\"high\" decoding=\"async\" width=\"300\" height=\"201\" src=\"https:\/\/lesdocsdenoirmoutier.fr\/wp-content\/uploads\/2024\/02\/selection_1_Sarah_Braeck_Page_1_Image_0002-300x201.jpg\" class=\"attachment-medium size-medium wp-image-5391\" alt=\"\" srcset=\"https:\/\/lesdocsdenoirmoutier.fr\/wp-content\/uploads\/2024\/02\/selection_1_Sarah_Braeck_Page_1_Image_0002-300x201.jpg 300w, https:\/\/lesdocsdenoirmoutier.fr\/wp-content\/uploads\/2024\/02\/selection_1_Sarah_Braeck_Page_1_Image_0002-768x515.jpg 768w, https:\/\/lesdocsdenoirmoutier.fr\/wp-content\/uploads\/2024\/02\/selection_1_Sarah_Braeck_Page_1_Image_0002.jpg 796w\" sizes=\"(max-width: 300px) 100vw, 300px\" \/>\t\t<\/div>\n\t\t\t\t<div class=\"elementor-portfolio-item__overlay\">\n\t\t\t\t<h3 class=\"elementor-portfolio-item__title\">\n\t\tLes Courants de Lumi\u00e8re &#8211; Sarah Braeck\t\t<\/h3>\n\t\t\t\t<\/div>\n\t\t\t\t<\/a>\n\t\t<\/article>\n\t\t\t\t<article class=\"elementor-portfolio-item elementor-post  post-5405 post type-post status-publish format-standard has-post-thumbnail hentry category-exposition-photographique-2024\">\n\t\t\t<a class=\"elementor-post__thumbnail__link\" href=\"https:\/\/lesdocsdenoirmoutier.fr\/?p=5405\">\n\t\t\t\t<div class=\"elementor-portfolio-item__img elementor-post__thumbnail\">\n\t\t\t<img decoding=\"async\" width=\"220\" height=\"300\" src=\"https:\/\/lesdocsdenoirmoutier.fr\/wp-content\/uploads\/2024\/02\/24-x-30-Algue-verte-220x300.jpg\" class=\"attachment-medium size-medium wp-image-5520\" alt=\"\" srcset=\"https:\/\/lesdocsdenoirmoutier.fr\/wp-content\/uploads\/2024\/02\/24-x-30-Algue-verte-220x300.jpg 220w, https:\/\/lesdocsdenoirmoutier.fr\/wp-content\/uploads\/2024\/02\/24-x-30-Algue-verte-750x1024.jpg 750w, https:\/\/lesdocsdenoirmoutier.fr\/wp-content\/uploads\/2024\/02\/24-x-30-Algue-verte-768x1048.jpg 768w, https:\/\/lesdocsdenoirmoutier.fr\/wp-content\/uploads\/2024\/02\/24-x-30-Algue-verte-1126x1536.jpg 1126w, https:\/\/lesdocsdenoirmoutier.fr\/wp-content\/uploads\/2024\/02\/24-x-30-Algue-verte-1501x2048.jpg 1501w, https:\/\/lesdocsdenoirmoutier.fr\/wp-content\/uploads\/2024\/02\/24-x-30-Algue-verte-scaled.jpg 1876w\" sizes=\"(max-width: 220px) 100vw, 220px\" \/>\t\t<\/div>\n\t\t\t\t<div class=\"elementor-portfolio-item__overlay\">\n\t\t\t\t<h3 class=\"elementor-portfolio-item__title\">\n\t\tCristaux Liquides &#8211; Carole Thibaud\t\t<\/h3>\n\t\t\t\t<\/div>\n\t\t\t\t<\/a>\n\t\t<\/article>\n\t\t\t\t<article class=\"elementor-portfolio-item elementor-post  post-5356 post type-post status-publish format-standard has-post-thumbnail hentry category-exposition-photographique-2024\">\n\t\t\t<a class=\"elementor-post__thumbnail__link\" href=\"https:\/\/lesdocsdenoirmoutier.fr\/?p=5356\">\n\t\t\t\t<div class=\"elementor-portfolio-item__img elementor-post__thumbnail\">\n\t\t\t<img decoding=\"async\" width=\"300\" height=\"199\" src=\"https:\/\/lesdocsdenoirmoutier.fr\/wp-content\/uploads\/2024\/02\/Alice-Pallot_Algues_maudites_noir_moutier_Page_04_Image_0001-300x199.jpg\" class=\"attachment-medium size-medium wp-image-5360\" alt=\"\" srcset=\"https:\/\/lesdocsdenoirmoutier.fr\/wp-content\/uploads\/2024\/02\/Alice-Pallot_Algues_maudites_noir_moutier_Page_04_Image_0001-300x199.jpg 300w, https:\/\/lesdocsdenoirmoutier.fr\/wp-content\/uploads\/2024\/02\/Alice-Pallot_Algues_maudites_noir_moutier_Page_04_Image_0001-1024x679.jpg 1024w, https:\/\/lesdocsdenoirmoutier.fr\/wp-content\/uploads\/2024\/02\/Alice-Pallot_Algues_maudites_noir_moutier_Page_04_Image_0001-768x509.jpg 768w, https:\/\/lesdocsdenoirmoutier.fr\/wp-content\/uploads\/2024\/02\/Alice-Pallot_Algues_maudites_noir_moutier_Page_04_Image_0001-1536x1019.jpg 1536w, https:\/\/lesdocsdenoirmoutier.fr\/wp-content\/uploads\/2024\/02\/Alice-Pallot_Algues_maudites_noir_moutier_Page_04_Image_0001.jpg 1544w\" sizes=\"(max-width: 300px) 100vw, 300px\" \/>\t\t<\/div>\n\t\t\t\t<div class=\"elementor-portfolio-item__overlay\">\n\t\t\t\t<h3 class=\"elementor-portfolio-item__title\">\n\t\tAlgues Maudites &#8211; Alice Pallot\t\t<\/h3>\n\t\t\t\t<\/div>\n\t\t\t\t<\/a>\n\t\t<\/article>\n\t\t\t\t<\/div>\n\t\t\t\t\t\t<\/div>\n\t\t\t\t<\/div>\n\t\t\t\t\t<\/div>\n\t\t<\/div>\n\t\t\t\t\t<\/div>\n\t\t<\/section>\n\t\t\t\t<\/div>\n\t\t","protected":false},"excerpt":{"rendered":"<p>L\u2019hypoth\u00e8se du rayon vert de Leslie Moquin a \u00e9t\u00e9 r\u00e9alis\u00e9e lors d\u2019une r\u00e9sidence \u00e0 bord de la go\u00eblette de la Fondation Tara Oc\u00e9an. Comme absorb\u00e9 par la recherche du \u201cRayon Vert\u201d, un ph\u00e9nom\u00e8ne physique tr\u00e8s rare, l\u2019\u00e9quipage est saisi \u00e0 la tomb\u00e9e du jour par une torpeur latente. Utilisant l\u2019algaetype, une solution photosensible v\u00e9g\u00e9tale et&#8230;<\/p>\n","protected":false},"author":1,"featured_media":5420,"comment_status":"closed","ping_status":"open","sticky":false,"template":"","format":"standard","meta":{"_mo_disable_npp":"","_kad_post_transparent":"","_kad_post_title":"","_kad_post_layout":"","_kad_post_sidebar_id":"","_kad_post_content_style":"","_kad_post_vertical_padding":"","_kad_post_feature":"","_kad_post_feature_position":"","_kad_post_header":false,"_kad_post_footer":false,"footnotes":""},"categories":[32],"tags":[],"class_list":["post-5418","post","type-post","status-publish","format-standard","has-post-thumbnail","hentry","category-exposition-photographique-2024"],"yoast_head":"<!-- This site is optimized with the Yoast SEO plugin v27.4 - https:\/\/yoast.com\/product\/yoast-seo-wordpress\/ -->\n<title>L&#039;hypoth\u00e8se du Rayon Vert - Leslie Moquin - Les Docs de Noirmoutier<\/title>\n<meta name=\"robots\" content=\"index, follow, max-snippet:-1, max-image-preview:large, max-video-preview:-1\" \/>\n<link rel=\"canonical\" href=\"https:\/\/lesdocsdenoirmoutier.fr\/?p=5418\" \/>\n<meta property=\"og:locale\" content=\"fr_FR\" \/>\n<meta property=\"og:type\" content=\"article\" \/>\n<meta property=\"og:title\" content=\"L&#039;hypoth\u00e8se du Rayon Vert - Leslie Moquin - Les Docs de Noirmoutier\" \/>\n<meta property=\"og:description\" content=\"L\u2019hypoth\u00e8se du rayon vert de Leslie Moquin a \u00e9t\u00e9 r\u00e9alis\u00e9e lors d\u2019une r\u00e9sidence \u00e0 bord de la go\u00eblette de la Fondation Tara Oc\u00e9an. Comme absorb\u00e9 par la recherche du \u201cRayon Vert\u201d, un ph\u00e9nom\u00e8ne physique tr\u00e8s rare, l\u2019\u00e9quipage est saisi \u00e0 la tomb\u00e9e du jour par une torpeur latente. Utilisant l\u2019algaetype, une solution photosensible v\u00e9g\u00e9tale et...\" \/>\n<meta property=\"og:url\" content=\"https:\/\/lesdocsdenoirmoutier.fr\/?p=5418\" \/>\n<meta property=\"og:site_name\" content=\"Les Docs de Noirmoutier\" \/>\n<meta property=\"article:publisher\" content=\"https:\/\/www.facebook.com\/lesdocsdenoirmoutier\" \/>\n<meta property=\"article:published_time\" content=\"2024-02-23T17:18:31+00:00\" \/>\n<meta property=\"article:modified_time\" content=\"2024-02-23T17:31:24+00:00\" \/>\n<meta property=\"og:image\" content=\"https:\/\/lesdocsdenoirmoutier.fr\/wp-content\/uploads\/2024\/02\/leslie-moquin-anthotype2.jpg\" \/>\n\t<meta property=\"og:image:width\" content=\"1670\" \/>\n\t<meta property=\"og:image:height\" content=\"1181\" \/>\n\t<meta property=\"og:image:type\" content=\"image\/jpeg\" \/>\n<meta name=\"author\" content=\"admin4678\" \/>\n<meta name=\"twitter:card\" content=\"summary_large_image\" \/>\n<meta name=\"twitter:label1\" content=\"\u00c9crit par\" \/>\n\t<meta name=\"twitter:data1\" content=\"admin4678\" \/>\n\t<meta name=\"twitter:label2\" content=\"Dur\u00e9e de lecture estim\u00e9e\" \/>\n\t<meta name=\"twitter:data2\" content=\"2 minutes\" \/>\n<script type=\"application\/ld+json\" class=\"yoast-schema-graph\">{\"@context\":\"https:\\\/\\\/schema.org\",\"@graph\":[{\"@type\":\"Article\",\"@id\":\"https:\\\/\\\/lesdocsdenoirmoutier.fr\\\/?p=5418#article\",\"isPartOf\":{\"@id\":\"https:\\\/\\\/lesdocsdenoirmoutier.fr\\\/?p=5418\"},\"author\":{\"name\":\"admin4678\",\"@id\":\"https:\\\/\\\/lesdocsdenoirmoutier.fr\\\/#\\\/schema\\\/person\\\/3db3bf5ee73eb951ed24ea0d9e98627b\"},\"headline\":\"L&rsquo;hypoth\u00e8se du Rayon Vert &#8211; Leslie Moquin\",\"datePublished\":\"2024-02-23T17:18:31+00:00\",\"dateModified\":\"2024-02-23T17:31:24+00:00\",\"mainEntityOfPage\":{\"@id\":\"https:\\\/\\\/lesdocsdenoirmoutier.fr\\\/?p=5418\"},\"wordCount\":148,\"publisher\":{\"@id\":\"https:\\\/\\\/lesdocsdenoirmoutier.fr\\\/#organization\"},\"image\":{\"@id\":\"https:\\\/\\\/lesdocsdenoirmoutier.fr\\\/?p=5418#primaryimage\"},\"thumbnailUrl\":\"https:\\\/\\\/lesdocsdenoirmoutier.fr\\\/wp-content\\\/uploads\\\/2024\\\/02\\\/leslie-moquin-anthotype2.jpg\",\"articleSection\":[\"Exposition photographique 2024\"],\"inLanguage\":\"fr-FR\"},{\"@type\":\"WebPage\",\"@id\":\"https:\\\/\\\/lesdocsdenoirmoutier.fr\\\/?p=5418\",\"url\":\"https:\\\/\\\/lesdocsdenoirmoutier.fr\\\/?p=5418\",\"name\":\"L'hypoth\u00e8se du Rayon Vert - Leslie Moquin - Les Docs de Noirmoutier\",\"isPartOf\":{\"@id\":\"https:\\\/\\\/lesdocsdenoirmoutier.fr\\\/#website\"},\"primaryImageOfPage\":{\"@id\":\"https:\\\/\\\/lesdocsdenoirmoutier.fr\\\/?p=5418#primaryimage\"},\"image\":{\"@id\":\"https:\\\/\\\/lesdocsdenoirmoutier.fr\\\/?p=5418#primaryimage\"},\"thumbnailUrl\":\"https:\\\/\\\/lesdocsdenoirmoutier.fr\\\/wp-content\\\/uploads\\\/2024\\\/02\\\/leslie-moquin-anthotype2.jpg\",\"datePublished\":\"2024-02-23T17:18:31+00:00\",\"dateModified\":\"2024-02-23T17:31:24+00:00\",\"breadcrumb\":{\"@id\":\"https:\\\/\\\/lesdocsdenoirmoutier.fr\\\/?p=5418#breadcrumb\"},\"inLanguage\":\"fr-FR\",\"potentialAction\":[{\"@type\":\"ReadAction\",\"target\":[\"https:\\\/\\\/lesdocsdenoirmoutier.fr\\\/?p=5418\"]}]},{\"@type\":\"ImageObject\",\"inLanguage\":\"fr-FR\",\"@id\":\"https:\\\/\\\/lesdocsdenoirmoutier.fr\\\/?p=5418#primaryimage\",\"url\":\"https:\\\/\\\/lesdocsdenoirmoutier.fr\\\/wp-content\\\/uploads\\\/2024\\\/02\\\/leslie-moquin-anthotype2.jpg\",\"contentUrl\":\"https:\\\/\\\/lesdocsdenoirmoutier.fr\\\/wp-content\\\/uploads\\\/2024\\\/02\\\/leslie-moquin-anthotype2.jpg\",\"width\":1670,\"height\":1181},{\"@type\":\"BreadcrumbList\",\"@id\":\"https:\\\/\\\/lesdocsdenoirmoutier.fr\\\/?p=5418#breadcrumb\",\"itemListElement\":[{\"@type\":\"ListItem\",\"position\":1,\"name\":\"Accueil\",\"item\":\"https:\\\/\\\/lesdocsdenoirmoutier.fr\\\/\"},{\"@type\":\"ListItem\",\"position\":2,\"name\":\"L&rsquo;hypoth\u00e8se du Rayon Vert &#8211; Leslie Moquin\"}]},{\"@type\":\"WebSite\",\"@id\":\"https:\\\/\\\/lesdocsdenoirmoutier.fr\\\/#website\",\"url\":\"https:\\\/\\\/lesdocsdenoirmoutier.fr\\\/\",\"name\":\"Les Docs de Noirmoutier\",\"description\":\"Festival de Documentaires sur l\u2019\u00eele de Noirmoutier\",\"publisher\":{\"@id\":\"https:\\\/\\\/lesdocsdenoirmoutier.fr\\\/#organization\"},\"potentialAction\":[{\"@type\":\"SearchAction\",\"target\":{\"@type\":\"EntryPoint\",\"urlTemplate\":\"https:\\\/\\\/lesdocsdenoirmoutier.fr\\\/?s={search_term_string}\"},\"query-input\":{\"@type\":\"PropertyValueSpecification\",\"valueRequired\":true,\"valueName\":\"search_term_string\"}}],\"inLanguage\":\"fr-FR\"},{\"@type\":\"Organization\",\"@id\":\"https:\\\/\\\/lesdocsdenoirmoutier.fr\\\/#organization\",\"name\":\"Les Docs de Noirmoutier\",\"url\":\"https:\\\/\\\/lesdocsdenoirmoutier.fr\\\/\",\"logo\":{\"@type\":\"ImageObject\",\"inLanguage\":\"fr-FR\",\"@id\":\"https:\\\/\\\/lesdocsdenoirmoutier.fr\\\/#\\\/schema\\\/logo\\\/image\\\/\",\"url\":\"https:\\\/\\\/lesdocsdenoirmoutier.fr\\\/wp-content\\\/uploads\\\/2021\\\/05\\\/cropped-HD_LES-DOCS-DE-NOIRMOUTIERS_Logo_RVB_Fond-Clair-1.png\",\"contentUrl\":\"https:\\\/\\\/lesdocsdenoirmoutier.fr\\\/wp-content\\\/uploads\\\/2021\\\/05\\\/cropped-HD_LES-DOCS-DE-NOIRMOUTIERS_Logo_RVB_Fond-Clair-1.png\",\"width\":7064,\"height\":3098,\"caption\":\"Les Docs de Noirmoutier\"},\"image\":{\"@id\":\"https:\\\/\\\/lesdocsdenoirmoutier.fr\\\/#\\\/schema\\\/logo\\\/image\\\/\"},\"sameAs\":[\"https:\\\/\\\/www.facebook.com\\\/lesdocsdenoirmoutier\",\"https:\\\/\\\/www.instagram.com\\\/lesdocsdenoirmoutier\\\/\"]},{\"@type\":\"Person\",\"@id\":\"https:\\\/\\\/lesdocsdenoirmoutier.fr\\\/#\\\/schema\\\/person\\\/3db3bf5ee73eb951ed24ea0d9e98627b\",\"name\":\"admin4678\",\"image\":{\"@type\":\"ImageObject\",\"inLanguage\":\"fr-FR\",\"@id\":\"https:\\\/\\\/secure.gravatar.com\\\/avatar\\\/b520d5e41659568023111d5686799beea5df4961a1859e2bae64da9391901a45?s=96&d=mm&r=g\",\"url\":\"https:\\\/\\\/secure.gravatar.com\\\/avatar\\\/b520d5e41659568023111d5686799beea5df4961a1859e2bae64da9391901a45?s=96&d=mm&r=g\",\"contentUrl\":\"https:\\\/\\\/secure.gravatar.com\\\/avatar\\\/b520d5e41659568023111d5686799beea5df4961a1859e2bae64da9391901a45?s=96&d=mm&r=g\",\"caption\":\"admin4678\"},\"sameAs\":[\"http:\\\/\\\/lesdocsdenoirmoutier.fr\"],\"url\":\"https:\\\/\\\/lesdocsdenoirmoutier.fr\\\/?author=1\"}]}<\/script>\n<!-- \/ Yoast SEO plugin. -->","yoast_head_json":{"title":"L'hypoth\u00e8se du Rayon Vert - Leslie Moquin - Les Docs de Noirmoutier","robots":{"index":"index","follow":"follow","max-snippet":"max-snippet:-1","max-image-preview":"max-image-preview:large","max-video-preview":"max-video-preview:-1"},"canonical":"https:\/\/lesdocsdenoirmoutier.fr\/?p=5418","og_locale":"fr_FR","og_type":"article","og_title":"L'hypoth\u00e8se du Rayon Vert - Leslie Moquin - Les Docs de Noirmoutier","og_description":"L\u2019hypoth\u00e8se du rayon vert de Leslie Moquin a \u00e9t\u00e9 r\u00e9alis\u00e9e lors d\u2019une r\u00e9sidence \u00e0 bord de la go\u00eblette de la Fondation Tara Oc\u00e9an. Comme absorb\u00e9 par la recherche du \u201cRayon Vert\u201d, un ph\u00e9nom\u00e8ne physique tr\u00e8s rare, l\u2019\u00e9quipage est saisi \u00e0 la tomb\u00e9e du jour par une torpeur latente. Utilisant l\u2019algaetype, une solution photosensible v\u00e9g\u00e9tale et...","og_url":"https:\/\/lesdocsdenoirmoutier.fr\/?p=5418","og_site_name":"Les Docs de Noirmoutier","article_publisher":"https:\/\/www.facebook.com\/lesdocsdenoirmoutier","article_published_time":"2024-02-23T17:18:31+00:00","article_modified_time":"2024-02-23T17:31:24+00:00","og_image":[{"width":1670,"height":1181,"url":"https:\/\/lesdocsdenoirmoutier.fr\/wp-content\/uploads\/2024\/02\/leslie-moquin-anthotype2.jpg","type":"image\/jpeg"}],"author":"admin4678","twitter_card":"summary_large_image","twitter_misc":{"\u00c9crit par":"admin4678","Dur\u00e9e de lecture estim\u00e9e":"2 minutes"},"schema":{"@context":"https:\/\/schema.org","@graph":[{"@type":"Article","@id":"https:\/\/lesdocsdenoirmoutier.fr\/?p=5418#article","isPartOf":{"@id":"https:\/\/lesdocsdenoirmoutier.fr\/?p=5418"},"author":{"name":"admin4678","@id":"https:\/\/lesdocsdenoirmoutier.fr\/#\/schema\/person\/3db3bf5ee73eb951ed24ea0d9e98627b"},"headline":"L&rsquo;hypoth\u00e8se du Rayon Vert &#8211; Leslie Moquin","datePublished":"2024-02-23T17:18:31+00:00","dateModified":"2024-02-23T17:31:24+00:00","mainEntityOfPage":{"@id":"https:\/\/lesdocsdenoirmoutier.fr\/?p=5418"},"wordCount":148,"publisher":{"@id":"https:\/\/lesdocsdenoirmoutier.fr\/#organization"},"image":{"@id":"https:\/\/lesdocsdenoirmoutier.fr\/?p=5418#primaryimage"},"thumbnailUrl":"https:\/\/lesdocsdenoirmoutier.fr\/wp-content\/uploads\/2024\/02\/leslie-moquin-anthotype2.jpg","articleSection":["Exposition photographique 2024"],"inLanguage":"fr-FR"},{"@type":"WebPage","@id":"https:\/\/lesdocsdenoirmoutier.fr\/?p=5418","url":"https:\/\/lesdocsdenoirmoutier.fr\/?p=5418","name":"L'hypoth\u00e8se du Rayon Vert - Leslie Moquin - Les Docs de Noirmoutier","isPartOf":{"@id":"https:\/\/lesdocsdenoirmoutier.fr\/#website"},"primaryImageOfPage":{"@id":"https:\/\/lesdocsdenoirmoutier.fr\/?p=5418#primaryimage"},"image":{"@id":"https:\/\/lesdocsdenoirmoutier.fr\/?p=5418#primaryimage"},"thumbnailUrl":"https:\/\/lesdocsdenoirmoutier.fr\/wp-content\/uploads\/2024\/02\/leslie-moquin-anthotype2.jpg","datePublished":"2024-02-23T17:18:31+00:00","dateModified":"2024-02-23T17:31:24+00:00","breadcrumb":{"@id":"https:\/\/lesdocsdenoirmoutier.fr\/?p=5418#breadcrumb"},"inLanguage":"fr-FR","potentialAction":[{"@type":"ReadAction","target":["https:\/\/lesdocsdenoirmoutier.fr\/?p=5418"]}]},{"@type":"ImageObject","inLanguage":"fr-FR","@id":"https:\/\/lesdocsdenoirmoutier.fr\/?p=5418#primaryimage","url":"https:\/\/lesdocsdenoirmoutier.fr\/wp-content\/uploads\/2024\/02\/leslie-moquin-anthotype2.jpg","contentUrl":"https:\/\/lesdocsdenoirmoutier.fr\/wp-content\/uploads\/2024\/02\/leslie-moquin-anthotype2.jpg","width":1670,"height":1181},{"@type":"BreadcrumbList","@id":"https:\/\/lesdocsdenoirmoutier.fr\/?p=5418#breadcrumb","itemListElement":[{"@type":"ListItem","position":1,"name":"Accueil","item":"https:\/\/lesdocsdenoirmoutier.fr\/"},{"@type":"ListItem","position":2,"name":"L&rsquo;hypoth\u00e8se du Rayon Vert &#8211; Leslie Moquin"}]},{"@type":"WebSite","@id":"https:\/\/lesdocsdenoirmoutier.fr\/#website","url":"https:\/\/lesdocsdenoirmoutier.fr\/","name":"Les Docs de Noirmoutier","description":"Festival de Documentaires sur l\u2019\u00eele de Noirmoutier","publisher":{"@id":"https:\/\/lesdocsdenoirmoutier.fr\/#organization"},"potentialAction":[{"@type":"SearchAction","target":{"@type":"EntryPoint","urlTemplate":"https:\/\/lesdocsdenoirmoutier.fr\/?s={search_term_string}"},"query-input":{"@type":"PropertyValueSpecification","valueRequired":true,"valueName":"search_term_string"}}],"inLanguage":"fr-FR"},{"@type":"Organization","@id":"https:\/\/lesdocsdenoirmoutier.fr\/#organization","name":"Les Docs de Noirmoutier","url":"https:\/\/lesdocsdenoirmoutier.fr\/","logo":{"@type":"ImageObject","inLanguage":"fr-FR","@id":"https:\/\/lesdocsdenoirmoutier.fr\/#\/schema\/logo\/image\/","url":"https:\/\/lesdocsdenoirmoutier.fr\/wp-content\/uploads\/2021\/05\/cropped-HD_LES-DOCS-DE-NOIRMOUTIERS_Logo_RVB_Fond-Clair-1.png","contentUrl":"https:\/\/lesdocsdenoirmoutier.fr\/wp-content\/uploads\/2021\/05\/cropped-HD_LES-DOCS-DE-NOIRMOUTIERS_Logo_RVB_Fond-Clair-1.png","width":7064,"height":3098,"caption":"Les Docs de Noirmoutier"},"image":{"@id":"https:\/\/lesdocsdenoirmoutier.fr\/#\/schema\/logo\/image\/"},"sameAs":["https:\/\/www.facebook.com\/lesdocsdenoirmoutier","https:\/\/www.instagram.com\/lesdocsdenoirmoutier\/"]},{"@type":"Person","@id":"https:\/\/lesdocsdenoirmoutier.fr\/#\/schema\/person\/3db3bf5ee73eb951ed24ea0d9e98627b","name":"admin4678","image":{"@type":"ImageObject","inLanguage":"fr-FR","@id":"https:\/\/secure.gravatar.com\/avatar\/b520d5e41659568023111d5686799beea5df4961a1859e2bae64da9391901a45?s=96&d=mm&r=g","url":"https:\/\/secure.gravatar.com\/avatar\/b520d5e41659568023111d5686799beea5df4961a1859e2bae64da9391901a45?s=96&d=mm&r=g","contentUrl":"https:\/\/secure.gravatar.com\/avatar\/b520d5e41659568023111d5686799beea5df4961a1859e2bae64da9391901a45?s=96&d=mm&r=g","caption":"admin4678"},"sameAs":["http:\/\/lesdocsdenoirmoutier.fr"],"url":"https:\/\/lesdocsdenoirmoutier.fr\/?author=1"}]}},"_links":{"self":[{"href":"https:\/\/lesdocsdenoirmoutier.fr\/index.php?rest_route=\/wp\/v2\/posts\/5418","targetHints":{"allow":["GET"]}}],"collection":[{"href":"https:\/\/lesdocsdenoirmoutier.fr\/index.php?rest_route=\/wp\/v2\/posts"}],"about":[{"href":"https:\/\/lesdocsdenoirmoutier.fr\/index.php?rest_route=\/wp\/v2\/types\/post"}],"author":[{"embeddable":true,"href":"https:\/\/lesdocsdenoirmoutier.fr\/index.php?rest_route=\/wp\/v2\/users\/1"}],"replies":[{"embeddable":true,"href":"https:\/\/lesdocsdenoirmoutier.fr\/index.php?rest_route=%2Fwp%2Fv2%2Fcomments&post=5418"}],"version-history":[{"count":7,"href":"https:\/\/lesdocsdenoirmoutier.fr\/index.php?rest_route=\/wp\/v2\/posts\/5418\/revisions"}],"predecessor-version":[{"id":5440,"href":"https:\/\/lesdocsdenoirmoutier.fr\/index.php?rest_route=\/wp\/v2\/posts\/5418\/revisions\/5440"}],"wp:featuredmedia":[{"embeddable":true,"href":"https:\/\/lesdocsdenoirmoutier.fr\/index.php?rest_route=\/wp\/v2\/media\/5420"}],"wp:attachment":[{"href":"https:\/\/lesdocsdenoirmoutier.fr\/index.php?rest_route=%2Fwp%2Fv2%2Fmedia&parent=5418"}],"wp:term":[{"taxonomy":"category","embeddable":true,"href":"https:\/\/lesdocsdenoirmoutier.fr\/index.php?rest_route=%2Fwp%2Fv2%2Fcategories&post=5418"},{"taxonomy":"post_tag","embeddable":true,"href":"https:\/\/lesdocsdenoirmoutier.fr\/index.php?rest_route=%2Fwp%2Fv2%2Ftags&post=5418"}],"curies":[{"name":"wp","href":"https:\/\/api.w.org\/{rel}","templated":true}]}}